{"id":8361,"date":"2024-02-02T09:47:16","date_gmt":"2024-02-02T09:47:16","guid":{"rendered":"https:\/\/odgovoren-za-zdravje.si\/?p=8361"},"modified":"2024-06-10T14:24:30","modified_gmt":"2024-06-10T14:24:30","slug":"zakaj-zdravniki-ne-prijavljajo-domnevnih-nezelenih-ucinkov","status":"publish","type":"post","link":"https:\/\/odgovoren-za-zdravje.si\/?p=8361","title":{"rendered":"Zakaj zdravniki ne prijavljajo domnevnih ne\u017eelenih u\u010dinkov po cepljenju?"},"content":{"rendered":"<div id=\"pl-gb8361-69efa9092b0cd\"  class=\"panel-layout\" ><div id=\"pg-gb8361-69efa9092b0cd-0\"  class=\"panel-grid panel-no-style\" ><div id=\"pgc-gb8361-69efa9092b0cd-0-0\"  class=\"panel-grid-cell\" ><div id=\"panel-gb8361-69efa9092b0cd-0-0-0\" class=\"so-panel widget widget_sow-button panel-first-child panel-last-child\" data-index=\"0\" ><div\n\t\t\t\n\t\t\tclass=\"so-widget-sow-button so-widget-sow-button-wire-fe7214ff1179-8361\"\n\t\t\t\n\t\t><div class=\"ow-button-base ow-button-align-center\"\n>\n\t\t\t<a\n\t\t\t\t\thref=\"https:\/\/odgovoren-za-zdravje.si\/aktualno\/\"\n\t\t\t\t\tclass=\"sowb-button ow-icon-placement-left ow-button-hover\" \t>\n\t\t<span>\n\t\t\t\n\t\t\tAKTUALNO\t\t<\/span>\n\t\t\t<\/a>\n\t<\/div>\n<\/div><\/div><\/div><div id=\"pgc-gb8361-69efa9092b0cd-0-1\"  class=\"panel-grid-cell panel-grid-cell-empty\" ><\/div><div id=\"pgc-gb8361-69efa9092b0cd-0-2\"  class=\"panel-grid-cell panel-grid-cell-empty\" ><\/div><div id=\"pgc-gb8361-69efa9092b0cd-0-3\"  class=\"panel-grid-cell panel-grid-cell-empty\" ><\/div><div id=\"pgc-gb8361-69efa9092b0cd-0-4\"  class=\"panel-grid-cell panel-grid-cell-empty\" ><\/div><div id=\"pgc-gb8361-69efa9092b0cd-0-5\"  class=\"panel-grid-cell panel-grid-cell-empty panel-grid-cell-mobile-last\" ><\/div><div id=\"pgc-gb8361-69efa9092b0cd-0-6\"  class=\"panel-grid-cell panel-grid-cell-empty\" ><\/div><\/div><div id=\"pg-gb8361-69efa9092b0cd-1\"  class=\"panel-grid panel-no-style\" ><div id=\"pgc-gb8361-69efa9092b0cd-1-0\"  class=\"panel-grid-cell\" ><div id=\"panel-gb8361-69efa9092b0cd-1-0-0\" class=\"so-panel widget widget_themegrill_flash_heading tg-widget section-title-wrapper panel-first-child panel-last-child\" data-index=\"1\" >\t<h3 class=\"section-title\">Zakaj zdravniki ne prijavljajo domnevnih ne\u017eelenih u\u010dinkov po cepljenju?<\/h3>\n<\/div><\/div><\/div><div id=\"pg-gb8361-69efa9092b0cd-2\"  class=\"panel-grid panel-has-style\" ><div class=\"slikaintekst-boks panel-row-style panel-row-style-for-gb8361-69efa9092b0cd-2\" ><div id=\"pgc-gb8361-69efa9092b0cd-2-0\"  class=\"panel-grid-cell\" ><div id=\"panel-gb8361-69efa9092b0cd-2-0-0\" class=\"so-panel widget widget_sow-editor panel-first-child panel-last-child\" data-index=\"2\" ><div class=\"panel-widget-style panel-widget-style-for-gb8361-69efa9092b0cd-2-0-0\" ><div\n\t\t\t\n\t\t\tclass=\"so-widget-sow-editor so-widget-sow-editor-base\"\n\t\t\t\n\t\t>\n<div class=\"siteorigin-widget-tinymce textwidget\">\n\t<p class=\"western\" style=\"text-align: center;\" align=\"left\">Izraz \u2018domnevni ne\u017eeleni u\u010dinek\u2019 se uporablja za poro\u010danje in pomeni, da je za poro\u010danje dovolj \u017ee <strong>najmanj\u0161i sum<\/strong>, da bi bil ne\u017eeleni u\u010dinek lahko povezan s cepivom. <strong>Nujno je treba poro\u010dati tudi, \u010de zdravnik ni popolnoma prepri\u010dan o vzroku te\u017eav ali mu je ta celo neznan.<\/strong> Prijavljene primere nato obravnava strokovna komisija, ki oceni, kako verjetna je povezava s cepivom.<\/p>\n<\/div>\n<\/div><\/div><\/div><\/div><\/div><\/div><div id=\"pg-gb8361-69efa9092b0cd-3\"  class=\"panel-grid panel-no-style\" ><div id=\"pgc-gb8361-69efa9092b0cd-3-0\"  class=\"panel-grid-cell\" ><div id=\"panel-gb8361-69efa9092b0cd-3-0-0\" class=\"so-panel widget widget_sow-editor panel-first-child panel-last-child\" data-index=\"3\" ><div class=\"besedilo-strani panel-widget-style panel-widget-style-for-gb8361-69efa9092b0cd-3-0-0\" ><div\n\t\t\t\n\t\t\tclass=\"so-widget-sow-editor so-widget-sow-editor-base\"\n\t\t\t\n\t\t>\n<div class=\"siteorigin-widget-tinymce textwidget\">\n\t<p><span lang=\"sl-SI\"><img loading=\"lazy\" decoding=\"async\" class=\"wp-image-2236 alignleft\" src=\"https:\/\/odgovoren-za-zdravje.si\/wp-content\/uploads\/2023\/10\/Nezeleni-ucinki-box-slika-300x195.png\" alt=\"\" width=\"347\" height=\"226\" srcset=\"https:\/\/odgovoren-za-zdravje.si\/wp-content\/uploads\/2023\/10\/Nezeleni-ucinki-box-slika-300x195.png 300w, https:\/\/odgovoren-za-zdravje.si\/wp-content\/uploads\/2023\/10\/Nezeleni-ucinki-box-slika-1024x666.png 1024w, https:\/\/odgovoren-za-zdravje.si\/wp-content\/uploads\/2023\/10\/Nezeleni-ucinki-box-slika-768x499.png 768w, https:\/\/odgovoren-za-zdravje.si\/wp-content\/uploads\/2023\/10\/Nezeleni-ucinki-box-slika-1536x998.png 1536w, https:\/\/odgovoren-za-zdravje.si\/wp-content\/uploads\/2023\/10\/Nezeleni-ucinki-box-slika.png 2000w\" sizes=\"auto, (max-width: 347px) 100vw, 347px\" \/>Pristojni nam sicer zagotavljajo, da skrbno spremljajo ne\u017eelene u\u010dinke, vendar <strong>veliko ljudi sporo\u010da, <\/strong>da zdravniki zdravstvenih te\u017eav ne obravnavajo kot morebitno posledico cepljenja<strong>.<\/strong> Zato <strong>domnevnih ne\u017eelenih u\u010dinkov ne prijavijo pristojnim<\/strong>, niti v primerih, ko sami niso prepri\u010dani o vzroku in pacient sumi ali je prepri\u010dan, da so njegove te\u017eave povezane s cepljenjem.<\/span><\/p>\n<hr \/>\n<p class=\"western\"><span lang=\"sl-SI\">Preberi ve\u010d: <a href=\"https:\/\/odgovoren-za-zdravje.si\/pricanja\/\"><span style=\"text-decoration: underline;\">Pri\u010danja o zdravstvenih te\u017eavah po cepljenju proti covid-19<\/span><\/a><\/span><\/p>\n<hr \/>\n<p class=\"western\"><span lang=\"sl-SI\"><strong>Poro\u010danje o ne\u017eelenih u\u010dinkih je za vse zdravstvene delavce obvezno.<\/strong> Zakon o zdravilih in Pravilnik o farmakovigilanci zdravil jih zavezuje, da domnevne ne\u017eelene u\u010dinke prijavijo v najve\u010d 15-ih dneh po dogodku.\u00a0<\/span><\/p>\n<p class=\"western\"><strong><span lang=\"sl-SI\">Vendar tudi uradni podatki ka\u017eejo, da zdravniki domnevnih ne\u017eelenih u\u010dinkov cepiv na splo\u0161no ve\u010dinoma ne prijavijo. <\/span><\/strong><span lang=\"sl-SI\">Harvardska\u00a0<a href=\"https:\/\/digital.ahrq.gov\/sites\/default\/files\/docs\/publication\/r18hs017045-lazarus-final-report-2011.pdf\">raziskava\u00a0<\/a>iz 2011 je pokazala, da je prijavljenih manj kot 1% domnevnih ne\u017eelenih u\u010dinkov cepiv.<\/span><\/p>\n<p>Zato ocenjujemo, da je \u0161tevilo prijavljenih ne\u017eelenih\u00a0u\u010dinkov\u00a0cepiv proti Covidu-19, ki ga vodi in spremlja Nacionalni in\u0161titut za javno zdravje (glej\u00a0<a href=\"https:\/\/www.cepimose.si\/wp-content\/uploads\/2023\/04\/Porocilo-NU-covid19_2023_1.pdf\"><u>Poro\u010dilo NIJZ<\/u><\/a>, 2023), mo\u010dno podcenjeno. Prav tako je omejeno na kratko obdobje po cepljenju, saj ne vklju\u010duje srednjero\u010dnih in dolgoro\u010dnih ne\u017eelenih u\u010dinkov, ki <strong>se lahko pojavijo ve\u010d mesecev, celo ve\u010d let po cepljenju<\/strong>.<\/p>\n<p><span lang=\"sl-SI\"><span style=\"font-weight: 400;\">Skrbno spremljanje in poro\u010danje o ne\u017eelenih u\u010dinkov je izrednega pomena za zagotavljanje varnosti <\/span><span style=\"font-weight: 400;\">ljudi pri <\/span><span style=\"font-weight: 400;\">cep<\/span><span style=\"font-weight: 400;\">ljenju<\/span><span style=\"font-weight: 400;\">.\u00a0<\/span><b>\u010ce je poro\u010danje pomanjkljivo,\u00a0<\/b><b>ter <\/b><b>v varnostne \u0161tudije niso vklju\u010deni vsi ne\u017eeleni u\u010dinki, imamo lahko <\/b><b>posledi\u010dno <\/b><b>zavajajo\u010de<\/b><b> podatke o varnosti cepljenja.\u00a0<\/b><\/span><span lang=\"sl-SI\">Po besedah Evropske agencije za zdravila EMA je zbiranje vseh poro\u010dil o domnevnih ne\u017eelenih u\u010dinkih zdravil in cepiv <strong>\u201ceden od stebrov sistema EU za spremljanje varnosti\u201d<\/strong>. Tudi na podlagi teh dragocenih podatkov Ema redno objavlja varnostne posodobitve za \u0161tiri cepiva proti covidu-19, ki so v uporabi v evropskem prostoru.<\/span><\/p>\n<\/div>\n<\/div><\/div><\/div><\/div><\/div><div id=\"pg-gb8361-69efa9092b0cd-4\"  class=\"panel-grid panel-no-style\" ><div id=\"pgc-gb8361-69efa9092b0cd-4-0\"  class=\"panel-grid-cell\" ><div id=\"panel-gb8361-69efa9092b0cd-4-0-0\" class=\"so-panel widget widget_sow-editor panel-first-child panel-last-child\" data-index=\"4\" ><div class=\"besedilo-strani panel-widget-style panel-widget-style-for-gb8361-69efa9092b0cd-4-0-0\" ><div\n\t\t\t\n\t\t\tclass=\"so-widget-sow-editor so-widget-sow-editor-base\"\n\t\t\t\n\t\t>\n<div class=\"siteorigin-widget-tinymce textwidget\">\n\t<h4 style=\"text-align: left;\">Zdravstveno stanje cepljenih proti Covidu-19 bi morali \u0161e posebej <strong>skrbno spremljati!<\/strong><\/h4>\n<p>&nbsp;<\/p>\n<p><a href=\"https:\/\/odgovoren-za-zdravje.si\/varnost-cepljenja\/\"><img loading=\"lazy\" decoding=\"async\" class=\"alignright wp-image-6783\" src=\"https:\/\/odgovoren-za-zdravje.si\/wp-content\/uploads\/2024\/01\/Status-kovid-cepiv-slika-220x300.png\" alt=\"\" width=\"354\" height=\"483\" srcset=\"https:\/\/odgovoren-za-zdravje.si\/wp-content\/uploads\/2024\/01\/Status-kovid-cepiv-slika-220x300.png 220w, https:\/\/odgovoren-za-zdravje.si\/wp-content\/uploads\/2024\/01\/Status-kovid-cepiv-slika.png 600w\" sizes=\"auto, (max-width: 354px) 100vw, 354px\" \/><\/a>Z zakonom dolo\u010deni varnostni protokoli so pomembni \u017ee za zdravila in cepiva z rednim dovoljenjem, \u0161e toliko bolj pa za vsa cepiva proti Covidu-19, saj<span style=\"font-weight: 400;\"> se tovrstni (genski) preparati do sedaj masovno nikoli niso uporabljali in ker<strong> (\u0161e) nimamo relevantnih podatkov o kratkoro\u010dnih ter srednjero\u010dnih stranskih u\u010dinkih, o dolgoro\u010dnih pa dejansko ne vemo \u0161e ni\u010d.<\/strong><\/span><strong>\u00a0<\/strong><\/p>\n<p>Na to, da ta &#8216;cepiva&#8217; niso absolutna varna ali u\u010dinkovita, je na\u0161o vlado opozoril tudi Pfizer, ki v <a href=\"https:\/\/odgovoren-za-zdravje.si\/wp-content\/uploads\/2022\/10\/NAROCILNICA-prevod.pdf\">pogodbi<\/a> za dobavo navaja: \u201c<i>Sodelujo\u010da dr\u017eava \u010dlanica priznava, da\u00a0<\/i><i>dolgoro\u010dni u\u010dinki<\/i><i>\u00a0in\u00a0<\/i><i>u\u010dinkovitost cepiva<\/i><i> trenutno niso znani in da lahko obstajajo \u0161kodljivi u\u010dinki cepiva, ki trenutno niso znani.\u201c\u00a0<\/i><\/p>\n<p>Zato bi morali zdravniki zdravstveno stanje cepljenih proti Covidu-19 <span class=\"OYPEnA text-decoration-none text-strikethrough-none\">(in otrok rojenih cepljenim star\u0161em)<\/span>\u00a0\u0161e posebej\u00a0skrbno spremljati vsaj \u0161e eno leto po cepljenju\u00a0za kratkoro\u010dne in srednjero\u010dne stranske u\u010dinke,\u00a0in ve\u010d let za dolgoro\u010dne, ter temeljito raziskati in pristojnim institucijam javiti vsakr\u0161ne zdravstvene te\u017eave, ki se pojavijo po cepljenju, a tega ne po\u010dnejo.<\/p>\n<p>NIJZ bi moral sproti delati tudi primerjavo zdravstvenega stanja in smrtnosti cepljenega dela prebivalstva s kontrolno skupino, torej necepljenim delom populacije, kar je temeljna znanstvena metoda za oceno u\u010dinkovitosti in varnosti cepiva, a tega ne po\u010dne.<\/p>\n<hr \/>\n<p>Preberi ve\u010d:\u00a0<a href=\"https:\/\/odgovoren-za-zdravje.si\/2024\/02\/02\/zakaj-se-nijz-izogiba-analizi-zdravstvenega-stanja\/\"><span style=\"text-decoration: underline;\">Zakaj se NIJZ izogiba analizi in primerjavi zdravstvenega stanja glede na status cepljenja proti Covidu-19?<\/span><\/a><\/p>\n<hr \/>\n<p>Podatkovni portal Nacionalnega in\u0161tituta za javno zdravje (NIJZ) v Sloveniji v letih 2021 in 2022 (ko bi morala biti kovidna zdravstvena kriza na podlagi napovedane u\u010dinkovitosti &#8216;cepiv&#8217; \u017ee kon\u010dana) ka\u017ee na hudo poslab\u0161anje javnega zdravja v primerjavi z leti prej, celo v primerjavi z 2020 (za 2023 podatki \u0161e niso znani). Vedno ve\u010d je tudi pri\u010danj o poslab\u0161anju zdravstvenega stanja po cepljenju ter dokazov in \u0161tudij o nevarnosti in neu\u010dinkovitosti cepiv, ter mnogih resnih ne\u017eelenih u\u010dinkih.<\/p>\n<hr \/>\n<p>Preberi ve\u010d: <a href=\"https:\/\/odgovoren-za-zdravje.si\/2024\/02\/02\/zakaj-se-je-poslabsalo-javno-zdravje\/\"><span style=\"text-decoration: underline;\">Zakaj se je v Sloveniji poslab\u0161alo javno zdravje v 2021 in 2022?<\/span><\/a><\/p>\n<hr \/>\n<p><strong>Zaradi eksperimentalnega statusa &#8216;cepiv&#8217; in zahtevanega dodatnega spremljanja varnosti<\/strong>, bi morali zdravniki in pristojni \u017ee brez zaskrbljujo\u010dih \u0161tevilk o poslab\u0161anju javnega zdravja natan\u010dno spremljati in meriti rezultate tega zdravstvenega ukrepa, kar je sicer tudi temeljni standard medicinske znanosti, <strong>a se jim to o\u010ditno ne zdi potrebno.<\/strong><\/p>\n<p>&nbsp;<\/p>\n<\/div>\n<\/div><\/div><\/div><\/div><\/div><div id=\"pg-gb8361-69efa9092b0cd-5\"  class=\"panel-grid panel-no-style\" ><div id=\"pgc-gb8361-69efa9092b0cd-5-0\"  class=\"panel-grid-cell\" ><div id=\"panel-gb8361-69efa9092b0cd-5-0-0\" class=\"so-panel widget widget_sow-editor panel-first-child panel-last-child\" data-index=\"5\" ><div class=\"besedilo-strani panel-widget-style panel-widget-style-for-gb8361-69efa9092b0cd-5-0-0\" ><div\n\t\t\t\n\t\t\tclass=\"so-widget-sow-editor so-widget-sow-editor-base\"\n\t\t\t\n\t\t>\n<div class=\"siteorigin-widget-tinymce textwidget\">\n\t<h4 style=\"text-align: left;\"><strong>Zakaj torej zdravniki ne prijavljajo ne\u017eelenih u\u010dinkov?<\/strong><\/h4>\n<p>&nbsp;<\/p>\n<p><span lang=\"sl-SI\"><img loading=\"lazy\" decoding=\"async\" class=\"alignleft wp-image-5933\" src=\"https:\/\/odgovoren-za-zdravje.si\/wp-content\/uploads\/2024\/01\/Zakaj-zdravniki-ne-prijavljajo-Copy-300x278.jpg\" alt=\"\" width=\"315\" height=\"292\" srcset=\"https:\/\/odgovoren-za-zdravje.si\/wp-content\/uploads\/2024\/01\/Zakaj-zdravniki-ne-prijavljajo-Copy-300x278.jpg 300w, https:\/\/odgovoren-za-zdravje.si\/wp-content\/uploads\/2024\/01\/Zakaj-zdravniki-ne-prijavljajo-Copy-1024x949.jpg 1024w, https:\/\/odgovoren-za-zdravje.si\/wp-content\/uploads\/2024\/01\/Zakaj-zdravniki-ne-prijavljajo-Copy-768x712.jpg 768w, https:\/\/odgovoren-za-zdravje.si\/wp-content\/uploads\/2024\/01\/Zakaj-zdravniki-ne-prijavljajo-Copy-1536x1424.jpg 1536w, https:\/\/odgovoren-za-zdravje.si\/wp-content\/uploads\/2024\/01\/Zakaj-zdravniki-ne-prijavljajo-Copy-2048x1898.jpg 2048w\" sizes=\"auto, (max-width: 315px) 100vw, 315px\" \/><span style=\"font-weight: 400;\">Glede na to, da so <a href=\"https:\/\/odgovoren-za-zdravje.si\/varnost-cepljenja\/\">varnostne \u0161tudije<\/a> &#8216;cepiv&#8217; proti Covidu-19 pomanjkljive, da ne vklju\u010dujejo farmakolo\u0161kega delovanja, kot tudi ne \u0161tudij o genotoksi\u010dnosti, rakotvornosti, nevrotoksi\u010dnosti, kardiotoksi\u010dnosti, vplivu na mo\u0161ko in \u017eensko plodnost itd, je zelo verjetno, da <\/span><b>zdravniki sploh ne vedo, kak\u0161ne posledice in po\u0161kodbe lahko povzro\u010dijo ta cepiva<\/b><span style=\"font-weight: 400;\"> in tudi zato prijavljajo veliko manj ne\u017eelenih posledic od realnega stanja. <\/span><\/span><\/p>\n<p><span lang=\"sl-SI\">Zato tudi pojasnilne dol\u017enosti pred cepljenjem niso mogli (dobro) opraviti. Ve\u010dina zdravnikov na cepilnih mestih ni znala na\u0161teti niti do takrat znanih resnih ne\u017eelenih u\u010dinkov, kaj \u0161ele to, kako pogosto se pojavljajo in kdo jim je bolj izpostavljen. <strong>Posledi\u010dno tudi cepljeni ne vedo, katere zdravstvene te\u017eave so lahko posledica cepljenja.<\/strong><\/span><\/p>\n<p><strong>Tudi pristojni niso opravili svojih dol\u017enostih<\/strong>\u00a0in zdravnikom niso posredovali pomembnih informacij o uradno priznanih tveganjih. Kljub navodilom EMA-e in opozorilom <a href=\"https:\/\/www.slovenskizdravniki.si\/s-cepivom-povezano-pospesevanje-bolezni-vaed-tveganje-o-katerem-se-ne-govori-in-ne-poroca\/\">Iniciative slovenskih zdravnikov<\/a>, zdravniki npr. niso bili obve\u0161\u010deni, da je VAED (s cepivom povezano pospe\u0161evanje bolezni, ki lahko \u0161kodi ali celo ogrozi zdravje in \u017eivljenje cepljenih) uvr\u0161\u010den na seznam pomembnih potencialnih tveganj ter da je potrebno spremljati in sporo\u010dati glede obolevanja s simptomi Covida-19 po cepljenju.<\/p>\n<hr \/>\n<p>Preberi ve\u010d: <span style=\"text-decoration: underline;\"><a href=\"https:\/\/odgovoren-za-zdravje.si\/pojasnilna-dolznost-pred-cepljenjem\/\">Kaj bi vam morali zdravniki povedati pred cepljenjem proti Covidu-19?<\/a><\/span><\/p>\n<hr \/>\n<p><span lang=\"sl-SI\">Ve\u010dina zdravnikov na splo\u0161no nima veliko znanja o cepivih, kar brez problema priznajo tudi sami, saj ob rednem delu nimajo \u010dasa \u0161tudirati tako obse\u017enega in kompleksnega podro\u010dja. Kljub temu, da nimajo dovolj znanja, da bi presojali vzro\u010dno povezavo s cepljenjem, niti to ni njihova pristojnost, prepogosto zanikajo povezavo s cepljenjem in ne\u017eelenih u\u010dinkov ne prijavijo pristojnim. Tudi, ko niso popolnoma prepri\u010dani o vzroku zdravstvenih te\u017eav ali jim je ta celo neznan, zdravniki <strong>verjamejo, da cepljenje ne more biti vzrok<\/strong>,<\/span> saj so tako kot\u00a0<em>\u2018kolegice in kolegi na NIJZ neomajni v prepri\u010danju, da so zapleti po cepljenju izjemno redki&#8217;. <strong>V varnost cepljenja tako trdno verjamejo, da se jim ne zdi potrebno, da bi se o tem prepri\u010dali na znanstven na\u010din<\/strong>\u2019<\/em>, je v Sobotni prilogi Dela v \u010dlanku\u00a0 \u2018<a href=\"https:\/\/www.delo.si\/sobotna-priloga\/je-cepljenje-varno\/\">Je cepljenje varno<\/a>\u2019 izpostavil dr. Matja\u017e Zwitter.<\/p>\n<hr \/>\n<p>Preberi ve\u010d: <span style=\"text-decoration: underline;\"><a href=\"https:\/\/odgovoren-za-zdravje.si\/prijava-nezelenih-ucinkov-po-cepljenju\/\">Kdaj morajo zdravniki prijaviti domnevne ne\u017eelene u\u010dinke in kako jih lahko prijavite sami?<\/a><\/span><\/p>\n<hr \/>\n<p>&nbsp;<\/p>\n<\/div>\n<\/div><\/div><\/div><\/div><\/div><div id=\"pg-gb8361-69efa9092b0cd-6\"  class=\"panel-grid panel-no-style\" ><div id=\"pgc-gb8361-69efa9092b0cd-6-0\"  class=\"panel-grid-cell\" ><div id=\"panel-gb8361-69efa9092b0cd-6-0-0\" class=\"so-panel widget widget_sow-editor panel-first-child panel-last-child\" data-index=\"6\" ><div class=\"besedilo-strani panel-widget-style panel-widget-style-for-gb8361-69efa9092b0cd-6-0-0\" ><div\n\t\t\t\n\t\t\tclass=\"so-widget-sow-editor so-widget-sow-editor-base\"\n\t\t\t\n\t\t>\n<div class=\"siteorigin-widget-tinymce textwidget\">\n\t<h4 style=\"text-align: left;\"><strong>Ljudi s te\u017eavami po cepljenju ne smemo ve\u010d pu\u0161\u010dati na cedilu!<\/strong><\/h4>\n<p>&nbsp;<\/p>\n<p><img loading=\"lazy\" decoding=\"async\" class=\" wp-image-1974 alignright\" src=\"https:\/\/odgovoren-za-zdravje.si\/wp-content\/uploads\/2023\/09\/Zdravnik-pacient-2560-\u00d7-1800-px-e1695741989473-300x177.png\" alt=\"\" width=\"453\" height=\"267\" srcset=\"https:\/\/odgovoren-za-zdravje.si\/wp-content\/uploads\/2023\/09\/Zdravnik-pacient-2560-\u00d7-1800-px-e1695741989473-300x177.png 300w, https:\/\/odgovoren-za-zdravje.si\/wp-content\/uploads\/2023\/09\/Zdravnik-pacient-2560-\u00d7-1800-px-e1695741989473-1024x606.png 1024w, https:\/\/odgovoren-za-zdravje.si\/wp-content\/uploads\/2023\/09\/Zdravnik-pacient-2560-\u00d7-1800-px-e1695741989473-768x454.png 768w, https:\/\/odgovoren-za-zdravje.si\/wp-content\/uploads\/2023\/09\/Zdravnik-pacient-2560-\u00d7-1800-px-e1695741989473-1536x908.png 1536w, https:\/\/odgovoren-za-zdravje.si\/wp-content\/uploads\/2023\/09\/Zdravnik-pacient-2560-\u00d7-1800-px-e1695741989473-2048x1211.png 2048w\" sizes=\"auto, (max-width: 453px) 100vw, 453px\" \/>Zdravniki si zatiskajo o\u010di, odgovorni se izogibajo analizi zdravstvenega stanja, mediji mol\u010dijo\u2026 Mnogo ljudi <a href=\"https:\/\/odgovoren-za-zdravje.si\/pricanja\/\">poro\u010da<\/a> o poslab\u0161anju zdravstvenega stanja po cepljenju proti Covid-19, \u010deprav so bili prej zdravi. Velikokrat imajo \u0161tevilne in dolgotrajne simptome, zato hodijo od enega specialista do drugega, ti pa ne vedo, kaj narediti z njimi, saj z obi\u010dajnimi preiskavami ne najdejo vzrokov za njihove te\u017eave. \u010cetudi bolnik, ki svoje telo najbolje pozna, sumi ali je prepri\u010dan, da so njegove te\u017eave povezane s cepljenjem, so te skrbi najve\u010dkrat ne\u017eelena tema pogovora, saj zdravniki brezpogojno zaupajo v absolutno varnost cepljenja, kar bolnikom povzro\u010da \u0161e dodatno stisko.<\/p>\n<p style=\"text-align: left;\"><strong>\u010ce ne poznamo (oz. si ne priznamo) vzroka zdravstvenih te\u017eav, tudi ne moremo zagotoviti ustreznega <a href=\"https:\/\/odgovoren-za-zdravje.si\/samozdravljenje-po-cepljenju-ali-kovidu\/\">zdravljenja<\/a>. Moramo raziskati, \u010de je cepljenje kakorkoli negativno vplivalo na javno zdravje, in najti na\u010din, kako pomagati po\u0161kodovanim, tako zdravstveno kot finan\u010dno z <a href=\"https:\/\/odgovoren-za-zdravje.si\/odskodnine-po-cepljenju\/\">od\u0161kodninami<\/a>.<\/strong><\/p>\n<\/div>\n<\/div><\/div><\/div><\/div><\/div><div id=\"pg-gb8361-69efa9092b0cd-7\"  class=\"panel-grid panel-has-style\" ><div class=\"so-rounded panel-row-style panel-row-style-for-gb8361-69efa9092b0cd-7\" ><div id=\"pgc-gb8361-69efa9092b0cd-7-0\"  class=\"panel-grid-cell\" ><div id=\"panel-gb8361-69efa9092b0cd-7-0-0\" class=\"so-panel widget widget_sow-image panel-first-child panel-last-child\" data-index=\"7\" ><div\n\t\t\t\n\t\t\tclass=\"so-widget-sow-image so-widget-sow-image-default-c67d20f9f743-8361\"\n\t\t\t\n\t\t>\n<div class=\"sow-image-container\">\n\t\t<img \n\tsrc=\"https:\/\/odgovoren-za-zdravje.si\/wp-content\/uploads\/2024\/01\/Zahteva-za-analizo-in-soocenje-slika-5.png\" width=\"970\" height=\"599\" srcset=\"https:\/\/odgovoren-za-zdravje.si\/wp-content\/uploads\/2024\/01\/Zahteva-za-analizo-in-soocenje-slika-5.png 970w, https:\/\/odgovoren-za-zdravje.si\/wp-content\/uploads\/2024\/01\/Zahteva-za-analizo-in-soocenje-slika-5-300x185.png 300w, https:\/\/odgovoren-za-zdravje.si\/wp-content\/uploads\/2024\/01\/Zahteva-za-analizo-in-soocenje-slika-5-768x474.png 768w\" sizes=\"(max-width: 970px) 100vw, 970px\" alt=\"\" \t\tclass=\"so-widget-image\"\/>\n\t<\/div>\n\n<\/div><\/div><\/div><div id=\"pgc-gb8361-69efa9092b0cd-7-1\"  class=\"panel-grid-cell\" ><div id=\"panel-gb8361-69efa9092b0cd-7-1-0\" class=\"so-panel widget widget_sow-editor panel-first-child\" data-index=\"8\" ><div\n\t\t\t\n\t\t\tclass=\"so-widget-sow-editor so-widget-sow-editor-base\"\n\t\t\t\n\t\t>\n<div class=\"siteorigin-widget-tinymce textwidget\">\n\t<h4>ZAHTEVA ZA ANALIZO IN SOO\u010cENJE Z DRUGIM MNENJEM<\/h4>\n<p><strong>Zakaj se je poslab\u0161alo javno zdravje v 2021 in 2022?<\/strong> Zahtevamo analizo varnosti in u\u010dinkovitosti cepiv s primerjavo zdravstvenega stanja in smrti med cepljeno in necepljeno populacijo, analizo odziva na epidemijo, sodelovanje z drugim mnenjem stroke ter prevzem odgovornosti in sanacijo povzro\u010dene \u0161kode.<\/p>\n<div id=\"panel-w65a2b95f860f5-0-1-0\" class=\"so-panel widget widget_sow-editor panel-first-child\" data-index=\"1\">\n<div class=\"panel-widget-style panel-widget-style-for-w65a2b95f860f5-0-1-0\">\n<div class=\"so-widget-sow-editor so-widget-sow-editor-base\">\n<div class=\"siteorigin-widget-tinymce textwidget\">\n<div id=\"panel-w658da9000cb5f-0-0-1\" class=\"so-panel widget widget_sow-editor\" data-index=\"1\">\n<div class=\"panel-widget-style panel-widget-style-for-w658da9000cb5f-0-0-1\">\n<div class=\"so-widget-sow-editor so-widget-sow-editor-base\"><\/div>\n<\/div>\n<\/div>\n<\/div>\n<\/div>\n<\/div>\n<\/div>\n<div id=\"panel-w65a2b95f860f5-0-1-1\" class=\"so-panel widget widget_sow-editor panel-last-child\" data-index=\"2\">\n<div class=\"so-widget-sow-editor so-widget-sow-editor-base\"><\/div>\n<\/div>\n<\/div>\n<\/div><\/div><div id=\"panel-gb8361-69efa9092b0cd-7-1-1\" class=\"so-panel widget widget_sow-button panel-last-child\" data-index=\"9\" ><div\n\t\t\t\n\t\t\tclass=\"so-widget-sow-button so-widget-sow-button-atom-2433a4f7bdd9-8361\"\n\t\t\t\n\t\t><div class=\"ow-button-base ow-button-align-left\"\n>\n\t\t\t<a\n\t\t\t\t\thref=\"https:\/\/odgovoren-za-zdravje.si\/zahteva-za-analizo\/\"\n\t\t\t\t\tclass=\"sowb-button ow-icon-placement-left ow-button-hover\" \t>\n\t\t<span>\n\t\t\t\n\t\t\tPODPI\u0160I ZAHTEVO\t\t<\/span>\n\t\t\t<\/a>\n\t<\/div>\n<\/div><\/div><\/div><\/div><\/div><div id=\"pg-gb8361-69efa9092b0cd-8\"  class=\"panel-grid panel-has-style\" ><div class=\"so-rounded panel-row-style panel-row-style-for-gb8361-69efa9092b0cd-8\" ><div id=\"pgc-gb8361-69efa9092b0cd-8-0\"  class=\"panel-grid-cell\" ><div id=\"panel-gb8361-69efa9092b0cd-8-0-0\" class=\"so-panel widget widget_sow-image panel-first-child panel-last-child\" data-index=\"10\" ><div\n\t\t\t\n\t\t\tclass=\"so-widget-sow-image so-widget-sow-image-default-8b5b6f678277-8361\"\n\t\t\t\n\t\t>\n<div class=\"sow-image-container\">\n\t\t<img \n\tsrc=\"https:\/\/odgovoren-za-zdravje.si\/wp-content\/uploads\/2024\/01\/Pricanja-spregovori-slika-3.png\" width=\"963\" height=\"597\" srcset=\"https:\/\/odgovoren-za-zdravje.si\/wp-content\/uploads\/2024\/01\/Pricanja-spregovori-slika-3.png 963w, https:\/\/odgovoren-za-zdravje.si\/wp-content\/uploads\/2024\/01\/Pricanja-spregovori-slika-3-300x186.png 300w, https:\/\/odgovoren-za-zdravje.si\/wp-content\/uploads\/2024\/01\/Pricanja-spregovori-slika-3-768x476.png 768w\" sizes=\"(max-width: 963px) 100vw, 963px\" alt=\"\" \t\tclass=\"so-widget-image\"\/>\n\t<\/div>\n\n<\/div><\/div><\/div><div id=\"pgc-gb8361-69efa9092b0cd-8-1\"  class=\"panel-grid-cell\" ><div id=\"panel-gb8361-69efa9092b0cd-8-1-0\" class=\"so-panel widget widget_sow-editor panel-first-child\" data-index=\"11\" ><div\n\t\t\t\n\t\t\tclass=\"so-widget-sow-editor so-widget-sow-editor-base\"\n\t\t\t\n\t\t>\n<div class=\"siteorigin-widget-tinymce textwidget\">\n\t<h4>NE BODI TIHO, POVEJ SVOJO ZGODBO TUDI TI!<\/h4>\n<p>\u010ce se je vam ali va\u0161im bli\u017enjim zdravje po cepljenju proti C-19 poslab\u0161alo in ste prepri\u010dani ali sumite, da je prejeto cepivo (deloma) vzrok za va\u0161e te\u017eave, nam sporo\u010dite. \u010ce boste izrecno dovolili, bomo va\u0161o zgodbo (anonimno) objavili na strani s <a href=\"https:\/\/odgovoren-za-zdravje.si\/pricanja\">Pri\u010danji<\/a>.<\/p>\n<\/div>\n<\/div><\/div><div id=\"panel-gb8361-69efa9092b0cd-8-1-1\" class=\"so-panel widget widget_sow-button panel-last-child\" data-index=\"12\" ><div\n\t\t\t\n\t\t\tclass=\"so-widget-sow-button so-widget-sow-button-atom-8394d2347c08-8361\"\n\t\t\t\n\t\t><div class=\"ow-button-base ow-button-align-left\"\n>\n\t\t\t<a\n\t\t\t\t\thref=\"https:\/\/odgovoren-za-zdravje.si\/vprasalnik-cepljenje\/\"\n\t\t\t\t\tclass=\"sowb-button ow-icon-placement-left ow-button-hover\" \t>\n\t\t<span>\n\t\t\t\n\t\t\tVpra\u0161alnik o te\u017eavah po cepljenju proti C-19\t\t<\/span>\n\t\t\t<\/a>\n\t<\/div>\n<\/div><\/div><\/div><\/div><\/div><\/div>","protected":false},"excerpt":{"rendered":"<p>Pristojni nam sicer zagotavljajo, da skrbno spremljajo ne\u017eelene u\u010dinke, vendar veliko ljudi sporo\u010da, da zdravniki zdravstvenih te\u017eav ne obravnavajo kot morebitno posledico cepljenja in jih ne prijavijo. Tudi uradni podatki to potrjujejo.<\/p>\n","protected":false},"author":3,"featured_media":5933,"comment_status":"open","ping_status":"closed","sticky":false,"template":"","format":"standard","meta":{"footnotes":""},"categories":[24,45],"tags":[],"class_list":["post-8361","post","type-post","status-publish","format-standard","has-post-thumbnail","hentry","category-cepljenje","category-zahteva"],"_links":{"self":[{"href":"https:\/\/odgovoren-za-zdravje.si\/index.php?rest_route=\/wp\/v2\/posts\/8361","targetHints":{"allow":["GET"]}}],"collection":[{"href":"https:\/\/odgovoren-za-zdravje.si\/index.php?rest_route=\/wp\/v2\/posts"}],"about":[{"href":"https:\/\/odgovoren-za-zdravje.si\/index.php?rest_route=\/wp\/v2\/types\/post"}],"author":[{"embeddable":true,"href":"https:\/\/odgovoren-za-zdravje.si\/index.php?rest_route=\/wp\/v2\/users\/3"}],"replies":[{"embeddable":true,"href":"https:\/\/odgovoren-za-zdravje.si\/index.php?rest_route=%2Fwp%2Fv2%2Fcomments&post=8361"}],"version-history":[{"count":8,"href":"https:\/\/odgovoren-za-zdravje.si\/index.php?rest_route=\/wp\/v2\/posts\/8361\/revisions"}],"predecessor-version":[{"id":9412,"href":"https:\/\/odgovoren-za-zdravje.si\/index.php?rest_route=\/wp\/v2\/posts\/8361\/revisions\/9412"}],"wp:featuredmedia":[{"embeddable":true,"href":"https:\/\/odgovoren-za-zdravje.si\/index.php?rest_route=\/wp\/v2\/media\/5933"}],"wp:attachment":[{"href":"https:\/\/odgovoren-za-zdravje.si\/index.php?rest_route=%2Fwp%2Fv2%2Fmedia&parent=8361"}],"wp:term":[{"taxonomy":"category","embeddable":true,"href":"https:\/\/odgovoren-za-zdravje.si\/index.php?rest_route=%2Fwp%2Fv2%2Fcategories&post=8361"},{"taxonomy":"post_tag","embeddable":true,"href":"https:\/\/odgovoren-za-zdravje.si\/index.php?rest_route=%2Fwp%2Fv2%2Ftags&post=8361"}],"curies":[{"name":"wp","href":"https:\/\/api.w.org\/{rel}","templated":true}]}}