{"id":8360,"date":"2024-02-02T09:53:25","date_gmt":"2024-02-02T09:53:25","guid":{"rendered":"https:\/\/odgovoren-za-zdravje.si\/?p=8360"},"modified":"2024-06-10T14:47:00","modified_gmt":"2024-06-10T14:47:00","slug":"zakaj-se-nijz-izogiba-analizi-zdravstvenega-stanja","status":"publish","type":"post","link":"https:\/\/odgovoren-za-zdravje.si\/?p=8360","title":{"rendered":"Zakaj se NIJZ izogiba analizi in primerjavi zdravstvenega stanja glede na status cepljenja proti Covidu-19?"},"content":{"rendered":"<div id=\"pl-gb8360-69ef7ebb8229c\"  class=\"panel-layout panel-layout\" ><div id=\"pg-gb8360-69ef7ebb8229c-0\"  class=\"panel-grid panel-no-style\" ><div id=\"pgc-gb8360-69ef7ebb8229c-0-0\"  class=\"panel-grid-cell\" ><div id=\"panel-gb8360-69ef7ebb8229c-0-0-0\" class=\"so-panel widget widget_sow-button panel-first-child panel-last-child\" data-index=\"0\" ><div\n\t\t\t\n\t\t\tclass=\"so-widget-sow-button so-widget-sow-button-wire-fe7214ff1179-8360\"\n\t\t\t\n\t\t><div class=\"ow-button-base ow-button-align-center\"\n>\n\t\t\t<a\n\t\t\t\t\thref=\"https:\/\/odgovoren-za-zdravje.si\/aktualno\/\"\n\t\t\t\t\tclass=\"sowb-button ow-icon-placement-left ow-button-hover\" \t>\n\t\t<span>\n\t\t\t\n\t\t\tAKTUALNO\t\t<\/span>\n\t\t\t<\/a>\n\t<\/div>\n<\/div><\/div><\/div><div id=\"pgc-gb8360-69ef7ebb8229c-0-1\"  class=\"panel-grid-cell panel-grid-cell-empty\" ><\/div><div id=\"pgc-gb8360-69ef7ebb8229c-0-2\"  class=\"panel-grid-cell panel-grid-cell-empty\" ><\/div><div id=\"pgc-gb8360-69ef7ebb8229c-0-3\"  class=\"panel-grid-cell panel-grid-cell-empty\" ><\/div><div id=\"pgc-gb8360-69ef7ebb8229c-0-4\"  class=\"panel-grid-cell panel-grid-cell-empty\" ><\/div><div id=\"pgc-gb8360-69ef7ebb8229c-0-5\"  class=\"panel-grid-cell panel-grid-cell-empty panel-grid-cell-mobile-last\" ><\/div><div id=\"pgc-gb8360-69ef7ebb8229c-0-6\"  class=\"panel-grid-cell panel-grid-cell-empty\" ><\/div><\/div><div id=\"pg-gb8360-69ef7ebb8229c-1\"  class=\"panel-grid panel-no-style\" ><div id=\"pgc-gb8360-69ef7ebb8229c-1-0\"  class=\"panel-grid-cell\" ><div id=\"panel-gb8360-69ef7ebb8229c-1-0-0\" class=\"so-panel widget widget_themegrill_flash_heading tg-widget section-title-wrapper panel-first-child panel-last-child\" data-index=\"1\" >\t<h3 class=\"section-title\">Zakaj se NIJZ izogiba analizi in primerjavi zdravstvenega stanja glede na status cepljenja proti Covidu-19?<\/h3>\n<\/div><\/div><\/div><div id=\"pg-gb8360-69ef7ebb8229c-2\"  class=\"panel-grid panel-no-style\" ><div id=\"pgc-gb8360-69ef7ebb8229c-2-0\"  class=\"panel-grid-cell\" ><div id=\"panel-gb8360-69ef7ebb8229c-2-0-0\" class=\"so-panel widget widget_sow-editor panel-first-child panel-last-child\" data-index=\"2\" ><div class=\"besedilo-strani panel-widget-style panel-widget-style-for-gb8360-69ef7ebb8229c-2-0-0\" ><div\n\t\t\t\n\t\t\tclass=\"so-widget-sow-editor so-widget-sow-editor-base\"\n\t\t\t\n\t\t>\n<div class=\"siteorigin-widget-tinymce textwidget\">\n\t<p><strong><img loading=\"lazy\" decoding=\"async\" class=\" wp-image-8306 alignleft\" src=\"https:\/\/odgovoren-za-zdravje.si\/wp-content\/uploads\/2024\/01\/Procenti-javno-zdravje-300x206.png\" alt=\"\" width=\"351\" height=\"241\" srcset=\"https:\/\/odgovoren-za-zdravje.si\/wp-content\/uploads\/2024\/01\/Procenti-javno-zdravje-300x206.png 300w, https:\/\/odgovoren-za-zdravje.si\/wp-content\/uploads\/2024\/01\/Procenti-javno-zdravje-768x528.png 768w, https:\/\/odgovoren-za-zdravje.si\/wp-content\/uploads\/2024\/01\/Procenti-javno-zdravje.png 800w\" sizes=\"auto, (max-width: 351px) 100vw, 351px\" \/>Podatkovni portal Nacionalnega in\u0161tituta za javno zdravje (NIJZ) v Sloveniji v letih 2021 in 2022 ka\u017ee na hudo poslab\u0161anje javnega zdravja<\/strong> v primerjavi z leti prej, celo v primerjavi z 2020 (za leto 2023 podatki \u0161e niso znani). Ker so bila mRNA\u00a0cepiva najve\u010dja novost v letu 2021, je treba nujno raziskati, \u010de in v kolik\u0161ni meri je cepljenje vzrok za poslab\u0161anje zdravstvenega stanja v letih 2021-2023. Vedno ve\u010d je tudi pri\u010danj o poslab\u0161anju zdravstvenega stanja po cepljenju ter dokazov in \u0161tudij o nevarnosti in neu\u010dinkovitosti cepiv, ter mnogih resnih ne\u017eelenih u\u010dinkih.<\/p>\n<hr \/>\n<p>Preberi ve\u010d: <a href=\"https:\/\/odgovoren-za-zdravje.si\/2024\/02\/02\/zakaj-se-je-poslabsalo-javno-zdravje\/\"><span style=\"text-decoration: underline;\">Zakaj se je v Sloveniji poslab\u0161alo javno zdravje v 2021 in 2022<\/span>?<\/a><\/p>\n<hr \/>\n<p>Tako lai\u010dna kot strokovna javnost, mnogi posamezniki in skupine, si \u017ee dolgo neuspe\u0161no prizadevamo, da bi od NIJZ-ja pridobili uradne podatke oz. analizo in primerjavo zdravstvenega stanja prebivalstva glede na status cepljenja proti Covidu-19. V Sloveniji je z vsaj enim odmerkom cepljenih 59 % ljudi, kar pomeni, da imamo 41% ljudi v kontrolni skupini necepljenih za primerjavo zdravstvenega stanja. Vse podatke in dovoljenje za njihovo obdelavo imajo, <strong>a se tak\u0161ni analizi na vse pretege izogibajo.<\/strong> To so informacije javnega zna\u010daja, oviranje dostopa do njih pa kaznivo dejanje, <strong>vedno bolj se namre\u010d zdi, da se gre za na\u010drtno prikrivanje javnih podatkov.<\/strong><\/p>\n<p><a href=\"https:\/\/www.delo.si\/sobotna-priloga\/je-cepljenje-varno\/\"><img loading=\"lazy\" decoding=\"async\" class=\" wp-image-6552 alignright\" src=\"https:\/\/odgovoren-za-zdravje.si\/wp-content\/uploads\/2024\/01\/dr.-Zwitter-slika-za-clanek-2-300x257.png\" alt=\"\" width=\"343\" height=\"294\" srcset=\"https:\/\/odgovoren-za-zdravje.si\/wp-content\/uploads\/2024\/01\/dr.-Zwitter-slika-za-clanek-2-300x257.png 300w, https:\/\/odgovoren-za-zdravje.si\/wp-content\/uploads\/2024\/01\/dr.-Zwitter-slika-za-clanek-2.png 700w\" sizes=\"auto, (max-width: 343px) 100vw, 343px\" \/><\/a>Dr. Matja\u017e Zwitter, ki je NIJZ marca 2023 <a href=\"https:\/\/www.delo.si\/sobotna-priloga\/je-cepljenje-varno\/\">v Delu javno pozval k raziskavi<\/a> pravi: <em>&#8220;Zagovorniki cepljenja zagotavljajo, da so resni zapleti izjemno redki in da korist cepljenja odtehta s cepljenjem povezano tveganje. Nasprotniki trdijo, da je zapletov bistveno ve\u010d. <strong>Raziskava, ki bi dokazala ali ovrgla trditvi, bi bila relativno nezahtevna<\/strong>. Po predpisanem postopku jo lahko prijavi in izpelje le NIJZ, ki ima vse podatke in za njihovo uporabo tudi odgovarja.&#8221;<\/em><\/p>\n<p>NIJZ <a href=\"https:\/\/triglavmedia.si\/mnenja\/komentarji\/287-porocilo-nijz-o-uspesnosti-koronskega-cepljenja-je-popolna-laz-in-zavajanje-javnega-mnenja\">odgovarja<\/a> s svojimi ocenami \u00bbuspe\u0161nosti\u00ab, ki temeljijo na hipoteti\u010dnih kriterijih temelje\u010dih na domnevah o prepre\u010denih hospitalizacijah in smrtih zaradi uporabe cepiva. <strong>Temeljna znanstvena metoda, da se oceni u\u010dinkovitost cepljenja je, da se primerja zdravstveno stanje in smrtnost cepljenega dela prebivalstva s kontrolno skupino, torej necepljenim delom populacije,<\/strong> \u010desar NIJZ kljub mnogim pozivom javnosti ni naredil.<\/p>\n<p><strong>NIJZ ne razkrije cepilnega statusa umrlih in obolelih v Sloveniji<\/strong>, \u010deprav bi to omogo\u010dilo hitro primerjavo in bi lahko ovrglo ali nakazalo mo\u017eno povezavo s cepljenjem, zato se upravi\u010deno spra\u0161ujemo,<strong> ali tako prikrivajo \u0161kodljivost teh cepiv in svoje strokovne napake?<\/strong> \u010ce bi te \u0161tevilke pri\u010dale o varnosti cepiv, verjamemo, da bi jih \u017ee razkrili in tako ovrgli trditve drugega mnenja stroke o njihovi nevarnosti in neu\u010dinkovitosti.<\/p>\n<p>Ti podatki so klju\u010dni za spremljanje varnosti in u\u010dinkovitosti, zato <strong>ne razumemo, zakaj se tak\u0161ne statistike in analize ne izvajajo \u017ee od za\u010detka cepljenja<\/strong>, \u010deprav so bili odgovorni k temu <a href=\"https:\/\/www.dnevnik.si\/1042956964\">pozvani \u017ee januarja 2021<\/a>. Nekateri zdravstveni delavci celo pri\u010dajo, da so dobili navodila, naj pacientov ne spra\u0161ujejo o cepilnem statusu. Glede na eksperimentalni status teh cepiv, za katera je bilo zahtevano dodatno spremljanje varnosti, bi bila smiselna in nujna ravno obratna navodila.<\/p>\n<hr \/>\n<p><em><span style=\"font-size: medium;\"><span style=\"color: #000000;\"><span style=\"font-family: Arial, serif;\"><span style=\"font-size: small;\"><span lang=\"sl-SI\">\u201c<strong>Podatek o cepilnem statusu je poslovna skrivnost medicine.<\/strong> V 2021 nas je lahko po cepilnem statusu vpra\u0161al vsak varnostnik, prodajalec, \u0161tudent&#8230; danes te o tem ne vpra\u0161a niti zdravnik, ker ne sme. Dr. Milan Krek mi je v dalj\u0161em pogovoru zagotovil, da ima NIJZ natan\u010dne podatke za vsako cepljeno osebo glede njenega cepilnega statusa. Izra\u010dun za koliko je smrtnost cepljenega dela populacije ve\u010dja od smrtnosti necepljenega dela populacije bi se lahko naredil, pa se ne bo. Odgovorni nikoli ne bodo priznali, da so nasedli zlo\u010dinski propagandi farmacevtskih multinacionalk.\u201d <\/span><\/span><\/span><\/span><\/span><\/em><span style=\"font-size: medium;\"><span style=\"color: #000000;\"><span style=\"font-family: Arial, serif;\"><span style=\"font-size: small;\"><span lang=\"sl-SI\">(Sre\u010dko \u0160orli v prispevku <a href=\"https:\/\/triglavmedia.si\/mnenja\/komentarji\/718-zakaj-ne-bomo-nikoli-dobili-porocila-nijz-o-ucinkovitosti-koronskega-cepljenja-v-sloveniji\">Zakaj ne bomo nikoli dobili poro\u010dila NIJZ o u\u010dinkovitosti koronskega cepljenja v Sloveniji?<\/a>)<\/span><\/span><\/span><\/span><\/span><\/p>\n<hr \/>\n<p><em><span style=\"font-size: medium;\"><span style=\"color: #000000;\"><span style=\"font-family: Arial, serif;\"><span style=\"font-size: small;\"><span lang=\"sl-SI\"><a href=\"https:\/\/odgovoren-za-zdravje.si\/varnost-cepljenja\/\"><img loading=\"lazy\" decoding=\"async\" class=\"alignleft wp-image-6783\" src=\"https:\/\/odgovoren-za-zdravje.si\/wp-content\/uploads\/2024\/01\/Status-kovid-cepiv-slika-220x300.png\" alt=\"\" width=\"328\" height=\"448\" srcset=\"https:\/\/odgovoren-za-zdravje.si\/wp-content\/uploads\/2024\/01\/Status-kovid-cepiv-slika-220x300.png 220w, https:\/\/odgovoren-za-zdravje.si\/wp-content\/uploads\/2024\/01\/Status-kovid-cepiv-slika.png 600w\" sizes=\"auto, (max-width: 328px) 100vw, 328px\" \/><\/a><\/span><\/span><\/span><\/span><\/span><\/em><strong>Zaradi eksperimentalnega statusa cepiv in zahtevanega dodatnega spremljanja varnosti<\/strong>, bi morali pristojni \u017ee brez zaskrbljujo\u010dih \u0161tevilk o poslab\u0161anju javnega zdravja natan\u010dno spremljati in meriti rezultate tega zdravstvenega ukrepa, kar je sicer tudi temeljni standard medicinske znanosti, <strong>a se jim to o\u010ditno ne zdi potrebno&#8230;<\/strong><\/p>\n<p>Zdravstveno stanje cepljenih (in otrok rojenih cepljenim star\u0161em), bi morali skrbno spremljati vsaj \u0161e 1 leto za kratkoro\u010dne in srednjero\u010dne stranske u\u010dinke, in ve\u010d let za dolgoro\u010dne, ter temeljito raziskati in pristojnim institucijam javiti vsakr\u0161ne zdravstvene te\u017eave, ki se pojavijo.\u00a0 \u010ceprav pristojni zatrjujejo druga\u010de, pa tako pri\u010danja kot uradni podatki ka\u017eejo,<strong> da zdravniki domnevnih ne\u017eelenih u\u010dinkov ne prijavljajo. <\/strong>Zato ocenjujemo, da je \u0161tevilo prijavljenih domnevnih ne\u017eelenih u\u010dinkov cepiv proti Covidu-19, ki ga vodi in spremlja NIJZ, mo\u010dno podcenjeno in omejeno na kratko obdobje po cepljenju, saj ne vklju\u010duje srednjero\u010dnih in dolgoro\u010dnih ne\u017eelenih u\u010dinkov, ki se lahko pojavijo ve\u010d mesecev, celo ve\u010d let po cepljenju.<\/p>\n<hr \/>\n<p>Preberi ve\u010d:\u00a0<a href=\"https:\/\/odgovoren-za-zdravje.si\/2024\/02\/02\/zakaj-zdravniki-ne-prijavljajo-domnevnih-nezelenih-ucinkov\/\"><span style=\"text-decoration: underline;\">Zakaj zdravniki ne prijavljajo domnevnih ne\u017eelenih u\u010dinkov po cepljenju?<\/span><\/a><\/p>\n<hr \/>\n<p>Evropska agencija za zdravila (EMA) je novembra 2023 <a href=\"https:\/\/odgovoren-za-zdravje.si\/2023\/11\/28\/pismo-evropske-agencije-za-zdravila-navaja-neutemeljenost-obveznega-cepljenja-proti-koronavirusom\/\">potrdila<\/a>, da ta cepiva niso bila namenjena splo\u0161ni imunizaciji. <strong>Argumenti za mno\u017ei\u010dno (ponekod celo obvezno) cepljenje splo\u0161ne populacije ali poklicnih skupin so bili torej neutemeljeni. <\/strong>Cepivo je bilo odobreno izklju\u010dno za lastno za\u0161\u010dito in ne za za\u0161\u010dito drugih, saj niso nikoli opravili \u0161tudij glede u\u010dinkovitosti pri prepre\u010devanju prenosa oku\u017eb, kar je <span style=\"font-weight: 400;\">\u017ee oktobra 2022 v EU parlamentu <\/span><a href=\"https:\/\/www.youtube.com\/watch?v=mnxlxzxoZx0\"><span style=\"font-weight: 400;\">povedala<\/span><\/a><span style=\"font-weight: 400;\"> predstavnica podjetja Pfizer. Odgovorni in mediji so nam to klju\u010dno informacijo zamol\u010dali, so pa s \u0161irjenjem nestrpnosti do necepljenih v dru\u017ebi ustvarili mo\u010dno polarizacijo, celo na nivoju dru\u017eine, med ljudmi je bilo prisotno veliko sovra\u017enosti, kar je \u0161e poglobilo \u017ee tako hude du\u0161evne stiske.<\/span><\/p>\n<p>Kljub vsem odprtim vpra\u0161anjem, zaskrbljujo\u010dim zdravstvenim podatkom in utemeljenim sumom koruptivnega in malomarnega delovanja, v Sloveniji <strong>\u0161e vedno nimamo niti analize cepljenja niti celostne analize odziva na epidemijo<\/strong> in vpliva epidemi\u010dnih ukrepov na zdravje ljudi. Ta je nujna tako za zagotavljanje javnega zdravja kot tudi za pripravo na morebitne nove epidemije v prihodnosti, ki jih \u017ee napovedujejo. In tudi zato, ker na\u0161a vlada brez javne razprave in referenduma predaja na\u0161o suverenost <a href=\"https:\/\/odgovoren-za-zdravje.si\/svetovna-zdravstvena-organizacija-szo\/\">Svetovni zdravstveni organizaciji<\/a>, ki je vse ukrepe priporo\u010dala. Zato je neodgovorno in nestrokovno, da Nacionalni in\u0161titut za javno zdravje (NIJZ) v vsem tem \u010dasu analize \u0161e ni pripravil.<\/p>\n<p><strong>Poleg analize sta klju\u010dna tudi javna strokovna razprava in sodelovanje s predstavniki drugega mnenja, saj\u00a0je zaupanje v integriteto, neodvisnost in strokovnost uradne stroke poru\u0161eno.<\/strong> Informacije, ki so podane javnosti in medijem s strani pristojnih, so pogosto pomanjkljive in nestrokovne, in tudi zato za splo\u0161no neinformirano javnost zavajajo\u010de. Drugo mnenje pa je diskreditirano, cenzurirano in celo sankcionirano brez strokovnih argumentov.<\/p>\n<\/div>\n<\/div><\/div><\/div><\/div><\/div><div id=\"pg-gb8360-69ef7ebb8229c-3\"  class=\"panel-grid panel-has-style\" ><div class=\"so-rounded panel-row-style panel-row-style-for-gb8360-69ef7ebb8229c-3\" ><div id=\"pgc-gb8360-69ef7ebb8229c-3-0\"  class=\"panel-grid-cell\" ><div id=\"panel-gb8360-69ef7ebb8229c-3-0-0\" class=\"so-panel widget widget_sow-image panel-first-child panel-last-child\" data-index=\"3\" ><div\n\t\t\t\n\t\t\tclass=\"so-widget-sow-image so-widget-sow-image-default-c67d20f9f743-8360\"\n\t\t\t\n\t\t>\n<div class=\"sow-image-container\">\n\t\t<img \n\tsrc=\"https:\/\/odgovoren-za-zdravje.si\/wp-content\/uploads\/2024\/01\/Zahteva-za-analizo-in-soocenje-slika-5.png\" width=\"970\" height=\"599\" srcset=\"https:\/\/odgovoren-za-zdravje.si\/wp-content\/uploads\/2024\/01\/Zahteva-za-analizo-in-soocenje-slika-5.png 970w, https:\/\/odgovoren-za-zdravje.si\/wp-content\/uploads\/2024\/01\/Zahteva-za-analizo-in-soocenje-slika-5-300x185.png 300w, https:\/\/odgovoren-za-zdravje.si\/wp-content\/uploads\/2024\/01\/Zahteva-za-analizo-in-soocenje-slika-5-768x474.png 768w\" sizes=\"(max-width: 970px) 100vw, 970px\" alt=\"\" \t\tclass=\"so-widget-image\"\/>\n\t<\/div>\n\n<\/div><\/div><\/div><div id=\"pgc-gb8360-69ef7ebb8229c-3-1\"  class=\"panel-grid-cell\" ><div id=\"panel-gb8360-69ef7ebb8229c-3-1-0\" class=\"so-panel widget widget_sow-editor panel-first-child\" data-index=\"4\" ><div class=\"panel-widget-style panel-widget-style-for-gb8360-69ef7ebb8229c-3-1-0\" ><div\n\t\t\t\n\t\t\tclass=\"so-widget-sow-editor so-widget-sow-editor-base\"\n\t\t\t\n\t\t>\n<div class=\"siteorigin-widget-tinymce textwidget\">\n\t<h4>ZAHTEVA ZA ANALIZO IN SOO\u010cENJE Z DRUGIM MNENJEM<\/h4>\n<p><strong>Zakaj se je poslab\u0161alo javno zdravje v 2021 in 2022?<\/strong> Zahtevamo analizo varnosti in u\u010dinkovitosti kovid cepiv s primerjavo zdravstvenega stanja in smrti med cepljeno in necepljeno populacijo, analizo odziva na epidemijo, sodelovanje z drugim mnenjem stroke ter prevzem odgovornosti in sanacijo povzro\u010dene \u0161kode.<\/p>\n<div id=\"panel-w65a2b95f860f5-0-1-0\" class=\"so-panel widget widget_sow-editor panel-first-child\" data-index=\"1\">\n<div class=\"panel-widget-style panel-widget-style-for-w65a2b95f860f5-0-1-0\">\n<div class=\"so-widget-sow-editor so-widget-sow-editor-base\">\n<div class=\"siteorigin-widget-tinymce textwidget\">\n<div id=\"panel-w658da9000cb5f-0-0-1\" class=\"so-panel widget widget_sow-editor\" data-index=\"1\">\n<div class=\"panel-widget-style panel-widget-style-for-w658da9000cb5f-0-0-1\">\n<div class=\"so-widget-sow-editor so-widget-sow-editor-base\"><\/div>\n<\/div>\n<\/div>\n<\/div>\n<\/div>\n<\/div>\n<\/div>\n<div id=\"panel-w65a2b95f860f5-0-1-1\" class=\"so-panel widget widget_sow-editor panel-last-child\" data-index=\"2\">\n<div class=\"so-widget-sow-editor so-widget-sow-editor-base\"><\/div>\n<\/div>\n<\/div>\n<\/div><\/div><\/div><div id=\"panel-gb8360-69ef7ebb8229c-3-1-1\" class=\"so-panel widget widget_sow-button panel-last-child\" data-index=\"5\" ><div\n\t\t\t\n\t\t\tclass=\"so-widget-sow-button so-widget-sow-button-atom-2433a4f7bdd9-8360\"\n\t\t\t\n\t\t><div class=\"ow-button-base ow-button-align-left\"\n>\n\t\t\t<a\n\t\t\t\t\thref=\"https:\/\/odgovoren-za-zdravje.si\/zahteva-za-analizo\/\"\n\t\t\t\t\tclass=\"sowb-button ow-icon-placement-left ow-button-hover\" \t>\n\t\t<span>\n\t\t\t\n\t\t\tPODPI\u0160I ZAHTEVO\t\t<\/span>\n\t\t\t<\/a>\n\t<\/div>\n<\/div><\/div><\/div><\/div><\/div><div id=\"pg-gb8360-69ef7ebb8229c-4\"  class=\"panel-grid panel-has-style\" ><div class=\"so-rounded panel-row-style panel-row-style-for-gb8360-69ef7ebb8229c-4\" ><div id=\"pgc-gb8360-69ef7ebb8229c-4-0\"  class=\"panel-grid-cell\" ><div id=\"panel-gb8360-69ef7ebb8229c-4-0-0\" class=\"so-panel widget widget_sow-image panel-first-child panel-last-child\" data-index=\"6\" ><div\n\t\t\t\n\t\t\tclass=\"so-widget-sow-image so-widget-sow-image-default-8b5b6f678277-8360\"\n\t\t\t\n\t\t>\n<div class=\"sow-image-container\">\n\t\t<img \n\tsrc=\"https:\/\/odgovoren-za-zdravje.si\/wp-content\/uploads\/2024\/01\/Pricanja-spregovori-slika-3.png\" width=\"963\" height=\"597\" srcset=\"https:\/\/odgovoren-za-zdravje.si\/wp-content\/uploads\/2024\/01\/Pricanja-spregovori-slika-3.png 963w, https:\/\/odgovoren-za-zdravje.si\/wp-content\/uploads\/2024\/01\/Pricanja-spregovori-slika-3-300x186.png 300w, https:\/\/odgovoren-za-zdravje.si\/wp-content\/uploads\/2024\/01\/Pricanja-spregovori-slika-3-768x476.png 768w\" sizes=\"(max-width: 963px) 100vw, 963px\" alt=\"\" \t\tclass=\"so-widget-image\"\/>\n\t<\/div>\n\n<\/div><\/div><\/div><div id=\"pgc-gb8360-69ef7ebb8229c-4-1\"  class=\"panel-grid-cell\" ><div id=\"panel-gb8360-69ef7ebb8229c-4-1-0\" class=\"so-panel widget widget_sow-editor panel-first-child\" data-index=\"7\" ><div class=\"panel-widget-style panel-widget-style-for-gb8360-69ef7ebb8229c-4-1-0\" ><div\n\t\t\t\n\t\t\tclass=\"so-widget-sow-editor so-widget-sow-editor-base\"\n\t\t\t\n\t\t>\n<div class=\"siteorigin-widget-tinymce textwidget\">\n\t<h4>NE BODI TIHO, POVEJ SVOJO ZGODBO TUDI TI!<\/h4>\n<p>\u010ce se je vam ali va\u0161im bli\u017enjim zdravje po cepljenju proti C-19 poslab\u0161alo in ste prepri\u010dani ali sumite, da je prejeto cepivo (deloma) vzrok za va\u0161e te\u017eave, nam sporo\u010dite. \u010ce boste izrecno dovolili, bomo va\u0161o zgodbo (anonimno) objavili na strani s <a href=\"https:\/\/odgovoren-za-zdravje.si\/pricanja\">Pri\u010danji<\/a>.<\/p>\n<\/div>\n<\/div><\/div><\/div><div id=\"panel-gb8360-69ef7ebb8229c-4-1-1\" class=\"so-panel widget widget_sow-button panel-last-child\" data-index=\"8\" ><div\n\t\t\t\n\t\t\tclass=\"so-widget-sow-button so-widget-sow-button-atom-8394d2347c08-8360\"\n\t\t\t\n\t\t><div class=\"ow-button-base ow-button-align-left\"\n>\n\t\t\t<a\n\t\t\t\t\thref=\"https:\/\/odgovoren-za-zdravje.si\/vprasalnik-cepljenje\/\"\n\t\t\t\t\tclass=\"sowb-button ow-icon-placement-left ow-button-hover\" \t>\n\t\t<span>\n\t\t\t\n\t\t\tVpra\u0161alnik o te\u017eavah po cepljenju proti C-19\t\t<\/span>\n\t\t\t<\/a>\n\t<\/div>\n<\/div><\/div><\/div><\/div><\/div><\/div>","protected":false},"excerpt":{"rendered":"<p>Tako lai\u010dna kot strokovna javnost si \u017ee dolgo neuspe\u0161no prizadevamo, da bi od NIJZ pridobili te podatke, a se temu na vse pretege izogibajo.  Vedno bolj se zdi, da gre za na\u010drtno prikrivanje javnih podatkov.<\/p>\n","protected":false},"author":3,"featured_media":8342,"comment_status":"open","ping_status":"closed","sticky":false,"template":"","format":"standard","meta":{"footnotes":""},"categories":[24,45],"tags":[],"class_list":["post-8360","post","type-post","status-publish","format-standard","has-post-thumbnail","hentry","category-cepljenje","category-zahteva"],"_links":{"self":[{"href":"https:\/\/odgovoren-za-zdravje.si\/index.php?rest_route=\/wp\/v2\/posts\/8360","targetHints":{"allow":["GET"]}}],"collection":[{"href":"https:\/\/odgovoren-za-zdravje.si\/index.php?rest_route=\/wp\/v2\/posts"}],"about":[{"href":"https:\/\/odgovoren-za-zdravje.si\/index.php?rest_route=\/wp\/v2\/types\/post"}],"author":[{"embeddable":true,"href":"https:\/\/odgovoren-za-zdravje.si\/index.php?rest_route=\/wp\/v2\/users\/3"}],"replies":[{"embeddable":true,"href":"https:\/\/odgovoren-za-zdravje.si\/index.php?rest_route=%2Fwp%2Fv2%2Fcomments&post=8360"}],"version-history":[{"count":8,"href":"https:\/\/odgovoren-za-zdravje.si\/index.php?rest_route=\/wp\/v2\/posts\/8360\/revisions"}],"predecessor-version":[{"id":9413,"href":"https:\/\/odgovoren-za-zdravje.si\/index.php?rest_route=\/wp\/v2\/posts\/8360\/revisions\/9413"}],"wp:featuredmedia":[{"embeddable":true,"href":"https:\/\/odgovoren-za-zdravje.si\/index.php?rest_route=\/wp\/v2\/media\/8342"}],"wp:attachment":[{"href":"https:\/\/odgovoren-za-zdravje.si\/index.php?rest_route=%2Fwp%2Fv2%2Fmedia&parent=8360"}],"wp:term":[{"taxonomy":"category","embeddable":true,"href":"https:\/\/odgovoren-za-zdravje.si\/index.php?rest_route=%2Fwp%2Fv2%2Fcategories&post=8360"},{"taxonomy":"post_tag","embeddable":true,"href":"https:\/\/odgovoren-za-zdravje.si\/index.php?rest_route=%2Fwp%2Fv2%2Ftags&post=8360"}],"curies":[{"name":"wp","href":"https:\/\/api.w.org\/{rel}","templated":true}]}}