{"id":8359,"date":"2024-02-02T09:45:41","date_gmt":"2024-02-02T09:45:41","guid":{"rendered":"https:\/\/odgovoren-za-zdravje.si\/?p=8359"},"modified":"2024-06-10T14:24:46","modified_gmt":"2024-06-10T14:24:46","slug":"zakaj-se-je-poslabsalo-javno-zdravje","status":"publish","type":"post","link":"https:\/\/odgovoren-za-zdravje.si\/?p=8359","title":{"rendered":"Zakaj se je v Sloveniji poslab\u0161alo javno zdravje v 2021 in 2022?"},"content":{"rendered":"<div id=\"pl-gb8359-69efa95b6274c\"  class=\"panel-layout\" ><div id=\"pg-gb8359-69efa95b6274c-0\"  class=\"panel-grid panel-has-style\" ><div class=\"siteorigin-panels-stretch panel-row-style panel-row-style-for-gb8359-69efa95b6274c-0\" data-stretch-type=\"full-width-stretch\" ><div id=\"pgc-gb8359-69efa95b6274c-0-0\"  class=\"panel-grid-cell\" ><div id=\"panel-gb8359-69efa95b6274c-0-0-0\" class=\"so-panel widget widget_sow-image panel-first-child panel-last-child\" data-index=\"0\" ><div\n\t\t\t\n\t\t\tclass=\"so-widget-sow-image so-widget-sow-image-default-8b5b6f678277-8359\"\n\t\t\t\n\t\t>\n<div class=\"sow-image-container\">\n\t\t<img \n\tsrc=\"https:\/\/odgovoren-za-zdravje.si\/wp-content\/uploads\/2024\/02\/Javno-zdravje-profilna.png\" width=\"2560\" height=\"600\" srcset=\"https:\/\/odgovoren-za-zdravje.si\/wp-content\/uploads\/2024\/02\/Javno-zdravje-profilna.png 2560w, https:\/\/odgovoren-za-zdravje.si\/wp-content\/uploads\/2024\/02\/Javno-zdravje-profilna-300x70.png 300w, https:\/\/odgovoren-za-zdravje.si\/wp-content\/uploads\/2024\/02\/Javno-zdravje-profilna-1024x240.png 1024w, https:\/\/odgovoren-za-zdravje.si\/wp-content\/uploads\/2024\/02\/Javno-zdravje-profilna-768x180.png 768w, https:\/\/odgovoren-za-zdravje.si\/wp-content\/uploads\/2024\/02\/Javno-zdravje-profilna-1536x360.png 1536w, https:\/\/odgovoren-za-zdravje.si\/wp-content\/uploads\/2024\/02\/Javno-zdravje-profilna-2048x480.png 2048w\" sizes=\"(max-width: 2560px) 100vw, 2560px\" alt=\"\" \t\tclass=\"so-widget-image\"\/>\n\t<\/div>\n\n<\/div><\/div><\/div><\/div><\/div><div id=\"pg-gb8359-69efa95b6274c-1\"  class=\"panel-grid panel-no-style\" ><div id=\"pgc-gb8359-69efa95b6274c-1-0\"  class=\"panel-grid-cell\" ><div id=\"panel-gb8359-69efa95b6274c-1-0-0\" class=\"so-panel widget widget_sow-button panel-first-child panel-last-child\" data-index=\"1\" ><div\n\t\t\t\n\t\t\tclass=\"so-widget-sow-button so-widget-sow-button-wire-fe7214ff1179-8359\"\n\t\t\t\n\t\t><div class=\"ow-button-base ow-button-align-center\"\n>\n\t\t\t<a\n\t\t\t\t\thref=\"https:\/\/odgovoren-za-zdravje.si\/aktualno\/\"\n\t\t\t\t\tclass=\"sowb-button ow-icon-placement-left ow-button-hover\" \t>\n\t\t<span>\n\t\t\t\n\t\t\tAKTUALNO\t\t<\/span>\n\t\t\t<\/a>\n\t<\/div>\n<\/div><\/div><\/div><div id=\"pgc-gb8359-69efa95b6274c-1-1\"  class=\"panel-grid-cell panel-grid-cell-empty\" ><\/div><div id=\"pgc-gb8359-69efa95b6274c-1-2\"  class=\"panel-grid-cell panel-grid-cell-empty\" ><\/div><div id=\"pgc-gb8359-69efa95b6274c-1-3\"  class=\"panel-grid-cell panel-grid-cell-empty\" ><\/div><div id=\"pgc-gb8359-69efa95b6274c-1-4\"  class=\"panel-grid-cell panel-grid-cell-empty\" ><\/div><div id=\"pgc-gb8359-69efa95b6274c-1-5\"  class=\"panel-grid-cell panel-grid-cell-empty panel-grid-cell-mobile-last\" ><\/div><div id=\"pgc-gb8359-69efa95b6274c-1-6\"  class=\"panel-grid-cell panel-grid-cell-empty\" ><\/div><\/div><div id=\"pg-gb8359-69efa95b6274c-2\"  class=\"panel-grid panel-no-style\" ><div id=\"pgc-gb8359-69efa95b6274c-2-0\"  class=\"panel-grid-cell\" ><div id=\"panel-gb8359-69efa95b6274c-2-0-0\" class=\"so-panel widget widget_themegrill_flash_heading tg-widget section-title-wrapper panel-first-child panel-last-child\" data-index=\"2\" >\t<h3 class=\"section-title\">Zakaj se je v Sloveniji poslab\u0161alo javno zdravje v 2021 in 2022?<\/h3>\n<\/div><\/div><\/div><div id=\"pg-gb8359-69efa95b6274c-3\"  class=\"panel-grid panel-no-style\" ><div id=\"pgc-gb8359-69efa95b6274c-3-0\"  class=\"panel-grid-cell\" ><div id=\"panel-gb8359-69efa95b6274c-3-0-0\" class=\"so-panel widget widget_sow-editor panel-first-child\" data-index=\"3\" ><div class=\"besedilo-strani so-rounded panel-widget-style panel-widget-style-for-gb8359-69efa95b6274c-3-0-0\" ><div\n\t\t\t\n\t\t\tclass=\"so-widget-sow-editor so-widget-sow-editor-base\"\n\t\t\t\n\t\t>\n<div class=\"siteorigin-widget-tinymce textwidget\">\n\t<p>Namen cepljenja proti Covidu-19 je bil zmanj\u0161ati smrtnost in \u0161kodo na zdravju povzro\u010deno s koronskim virusom v 2020. Ve\u010dinski dele\u017e cepljenj je bil opravljen v letu 2021<strong>,<\/strong> a \u0161tevilke iz celega sveta ka\u017eejo na <strong>alarmantno poslab\u0161anje javnega zdravja v 2021 in 2022. <\/strong>V Sloveniji podatkovni portal Nacionalnega in\u0161tituta za javno zdravje (NIJZ) v letih 2021 in 2022 ka\u017ee na izredno poslab\u0161anje javnega zdravja (za leto 2023 podatki \u0161e niso na voljo).<strong> Cepljenje proti Covidu-19 je bilo edina ve\u010dja novost in sprememba v letu 2021. <\/strong>Da bi lahko ocenili morebitno povezavo s cepljenjem, <strong>bi morali spodnje podatke opremiti z natan\u010dnim statusom cepljenja proti Covidu-19<\/strong>, \u010demur pa se NIJZ kljub mnogim pozivom strokovne in lai\u010dne javnosti \u017ee od samega za\u010detka cepljenja na vse pretege izogiba.<\/p>\n<\/div>\n<\/div><\/div><\/div><div id=\"panel-gb8359-69efa95b6274c-3-0-1\" class=\"so-panel widget widget_sow-editor panel-last-child\" data-index=\"4\" ><div class=\"besedilo-strani so-rounded panel-widget-style panel-widget-style-for-gb8359-69efa95b6274c-3-0-1\" ><div\n\t\t\t\n\t\t\tclass=\"so-widget-sow-editor so-widget-sow-editor-base\"\n\t\t\t\n\t\t>\n<div class=\"siteorigin-widget-tinymce textwidget\">\n\t<\/div>\n<\/div><\/div><\/div><\/div><\/div><div id=\"pg-gb8359-69efa95b6274c-4\"  class=\"panel-grid panel-no-style\" ><div id=\"pgc-gb8359-69efa95b6274c-4-0\"  class=\"panel-grid-cell panel-grid-cell-empty\" ><\/div><div id=\"pgc-gb8359-69efa95b6274c-4-1\"  class=\"panel-grid-cell\" ><div id=\"panel-gb8359-69efa95b6274c-4-1-0\" class=\"so-panel widget widget_sow-editor panel-first-child panel-last-child\" data-index=\"5\" ><div class=\"so-rounded panel-widget-style panel-widget-style-for-gb8359-69efa95b6274c-4-1-0\" ><div\n\t\t\t\n\t\t\tclass=\"so-widget-sow-editor so-widget-sow-editor-base\"\n\t\t\t\n\t\t>\n<div class=\"siteorigin-widget-tinymce textwidget\">\n\t<h4 style=\"text-align: center;\"><b>Prese\u017ena smrtnost<\/b><\/h4>\n<p style=\"text-align: center;\">v 2021 in 2022 ostaja zelo visoka, v starostni skupini do 74 let pa je ve\u010dinoma celo <strong>vi\u0161ja kot v 2020.<\/strong><a href=\"https:\/\/odgovoren-za-zdravje.si\/wp-content\/uploads\/2024\/01\/Presezna-smrtnost-NIJZ.png\"><img loading=\"lazy\" decoding=\"async\" class=\"wp-image-6857 aligncenter\" src=\"https:\/\/odgovoren-za-zdravje.si\/wp-content\/uploads\/2024\/01\/Presezna-smrtnost-NIJZ-300x150.png\" alt=\"\" width=\"592\" height=\"296\" srcset=\"https:\/\/odgovoren-za-zdravje.si\/wp-content\/uploads\/2024\/01\/Presezna-smrtnost-NIJZ-300x150.png 300w, https:\/\/odgovoren-za-zdravje.si\/wp-content\/uploads\/2024\/01\/Presezna-smrtnost-NIJZ-768x384.png 768w, https:\/\/odgovoren-za-zdravje.si\/wp-content\/uploads\/2024\/01\/Presezna-smrtnost-NIJZ-800x400.png 800w, https:\/\/odgovoren-za-zdravje.si\/wp-content\/uploads\/2024\/01\/Presezna-smrtnost-NIJZ.png 1000w\" sizes=\"auto, (max-width: 592px) 100vw, 592px\" \/><\/a><\/p>\n<p>&nbsp;<\/p>\n<\/div>\n<\/div><\/div><\/div><\/div><div id=\"pgc-gb8359-69efa95b6274c-4-2\"  class=\"panel-grid-cell panel-grid-cell-mobile-last\" ><div id=\"panel-gb8359-69efa95b6274c-4-2-0\" class=\"so-panel widget widget_siteorigin-panels-builder panel-first-child panel-last-child\" data-index=\"6\" ><div class=\"so-rounded panel-widget-style panel-widget-style-for-gb8359-69efa95b6274c-4-2-0\" ><div id=\"pl-w65fc523fabf71\"  class=\"panel-layout\" ><div id=\"pg-w65fc523fabf71-0\"  class=\"panel-grid panel-no-style\" ><div id=\"pgc-w65fc523fabf71-0-0\"  class=\"panel-grid-cell\" ><div id=\"panel-w65fc523fabf71-0-0-0\" class=\"so-panel widget widget_sow-editor panel-first-child panel-last-child\" data-index=\"0\" ><div class=\"panel-widget-style panel-widget-style-for-w65fc523fabf71-0-0-0\" ><div\n\t\t\t\n\t\t\tclass=\"so-widget-sow-editor so-widget-sow-editor-base\"\n\t\t\t\n\t\t>\n<div class=\"siteorigin-widget-tinymce textwidget\">\n\t<h4 style=\"text-align: center;\"><strong>\u0160tevilo umrlih v povezavi s kovidom<\/strong><\/h4>\n<p style=\"text-align: center;\">\u00a0v letu 2021 in 2022 ni veliko ni\u017eje od leta 2020, v starostni skupini do 74 let je ve\u010dinoma <strong>celo precej vi\u0161je<\/strong>, zni\u017ealo pa se je v skupini nad 75 let.<\/p>\n<p style=\"text-align: center;\"><a href=\"https:\/\/odgovoren-za-zdravje.si\/wp-content\/uploads\/2024\/01\/3.-Umrli-v-povezavi-s-C-19-45-74-let-Podatkovni-portal-NIJZ-3.png\"><img loading=\"lazy\" decoding=\"async\" class=\"alignnone wp-image-6467\" src=\"https:\/\/odgovoren-za-zdravje.si\/wp-content\/uploads\/2024\/01\/3.-Umrli-v-povezavi-s-C-19-45-74-let-Podatkovni-portal-NIJZ-3-300x150.png\" alt=\"\" width=\"474\" height=\"237\" srcset=\"https:\/\/odgovoren-za-zdravje.si\/wp-content\/uploads\/2024\/01\/3.-Umrli-v-povezavi-s-C-19-45-74-let-Podatkovni-portal-NIJZ-3-300x150.png 300w, https:\/\/odgovoren-za-zdravje.si\/wp-content\/uploads\/2024\/01\/3.-Umrli-v-povezavi-s-C-19-45-74-let-Podatkovni-portal-NIJZ-3.png 600w\" sizes=\"auto, (max-width: 474px) 100vw, 474px\" \/><\/a><\/p>\n<\/div>\n<\/div><\/div><\/div><\/div><\/div><\/div><\/div><\/div><\/div><div id=\"pgc-gb8359-69efa95b6274c-4-3\"  class=\"panel-grid-cell panel-grid-cell-empty\" ><\/div><\/div><div id=\"pg-gb8359-69efa95b6274c-5\"  class=\"panel-grid panel-no-style\" ><div id=\"pgc-gb8359-69efa95b6274c-5-0\"  class=\"panel-grid-cell\" ><div id=\"panel-gb8359-69efa95b6274c-5-0-0\" class=\"so-panel widget widget_sow-editor panel-first-child panel-last-child\" data-index=\"7\" ><div class=\"besedilo-strani panel-widget-style panel-widget-style-for-gb8359-69efa95b6274c-5-0-0\" ><div\n\t\t\t\n\t\t\tclass=\"so-widget-sow-editor so-widget-sow-editor-base\"\n\t\t\t\n\t\t>\n<div class=\"siteorigin-widget-tinymce textwidget\">\n\t<p style=\"text-align: left;\">Tako akutni miokarditis kot plju\u010dna embolija sta<span style=\"font-weight: 400;\"> lahko posledica cepljenja proti Covidu-19 ali te\u017ejega poteka te bolezni. <\/span><span style=\"font-weight: 400;\">V letu 2021, ko je potekalo najbolj mno\u017ei\u010dno cepljenje proti Covidu-19, je bilo <strong>v Sloveniji za <\/strong><\/span><b>kar 63 % ve\u010d<\/b><span style=\"font-weight: 400;\"><strong> hospitalizacij zaradi akutnega miokarditisa<\/strong> in <strong>36 % ve\u010d zaradi plju\u010dne embolije<\/strong> v primerjavi z letom 2020.<\/span>\u00a0<span style=\"font-weight: 400;\">V januarju 2024 objavljena <a href=\"https:\/\/journals.sagepub.com\/doi\/10.1177\/20420986241226566#\">\u0161tudija<\/a> ka\u017ee, da \u2018je cepljenje proti Covidu-19 mo\u010dno povezano z resnim varnostnim tveganjem miokarditisa, <\/span><b>zlasti pri otrocih in mlaj\u0161ih odraslih<\/b><span style=\"font-weight: 400;\">, ki ima za posledico <strong>hospitalizacijo in smrt<\/strong>, zato je nujna nadaljnja preiskava osnovnih mehanizmov miokarditisa, ki ga povzro\u010da cepivo.\u2019\u2019<\/span><\/p>\n<\/div>\n<\/div><\/div><\/div><\/div><\/div><div id=\"pg-gb8359-69efa95b6274c-6\"  class=\"panel-grid panel-no-style\" ><div id=\"pgc-gb8359-69efa95b6274c-6-0\"  class=\"panel-grid-cell panel-grid-cell-empty\" ><\/div><div id=\"pgc-gb8359-69efa95b6274c-6-1\"  class=\"panel-grid-cell\" ><div id=\"panel-gb8359-69efa95b6274c-6-1-0\" class=\"so-panel widget widget_siteorigin-panels-builder panel-first-child panel-last-child\" data-index=\"8\" ><div class=\"so-rounded panel-widget-style panel-widget-style-for-gb8359-69efa95b6274c-6-1-0\" ><div id=\"pl-w65fc523fac109\"  class=\"panel-layout\" ><div id=\"pg-w65fc523fac109-0\"  class=\"panel-grid panel-no-style\" ><div id=\"pgc-w65fc523fac109-0-0\"  class=\"panel-grid-cell\" ><div id=\"panel-w65fc523fac109-0-0-0\" class=\"so-panel widget widget_sow-editor panel-first-child panel-last-child\" data-index=\"0\" ><div class=\"panel-widget-style panel-widget-style-for-w65fc523fac109-0-0-0\" ><div\n\t\t\t\n\t\t\tclass=\"so-widget-sow-editor so-widget-sow-editor-base\"\n\t\t\t\n\t\t>\n<div class=\"siteorigin-widget-tinymce textwidget\">\n\t<h4 style=\"text-align: center;\"><b>63 % porast<\/b><\/h4>\n<h4 style=\"text-align: center;\"><b>akutnega miokarditisa<\/b><\/h4>\n<p style=\"text-align: center;\">v 2021 v primerjavi z 2020, \u0161tevilka ostaja mnogo vi\u0161ja tudi v 2022<\/p>\n<p style=\"text-align: center;\"><a href=\"https:\/\/odgovoren-za-zdravje.si\/wp-content\/uploads\/2024\/01\/7a.-Hositalizacija-Akutni-miokarditis-Podatkovni-portal-NIJZ-2.png\"><img loading=\"lazy\" decoding=\"async\" class=\"alignnone wp-image-6461\" src=\"https:\/\/odgovoren-za-zdravje.si\/wp-content\/uploads\/2024\/01\/7a.-Hositalizacija-Akutni-miokarditis-Podatkovni-portal-NIJZ-2-300x150.png\" alt=\"\" width=\"516\" height=\"258\" srcset=\"https:\/\/odgovoren-za-zdravje.si\/wp-content\/uploads\/2024\/01\/7a.-Hositalizacija-Akutni-miokarditis-Podatkovni-portal-NIJZ-2-300x150.png 300w, https:\/\/odgovoren-za-zdravje.si\/wp-content\/uploads\/2024\/01\/7a.-Hositalizacija-Akutni-miokarditis-Podatkovni-portal-NIJZ-2.png 600w\" sizes=\"auto, (max-width: 516px) 100vw, 516px\" \/><\/a><\/p>\n<\/div>\n<\/div><\/div><\/div><\/div><\/div><\/div><\/div><\/div><\/div><div id=\"pgc-gb8359-69efa95b6274c-6-2\"  class=\"panel-grid-cell\" ><div id=\"panel-gb8359-69efa95b6274c-6-2-0\" class=\"so-panel widget widget_siteorigin-panels-builder panel-first-child panel-last-child\" data-index=\"9\" ><div class=\"so-rounded panel-widget-style panel-widget-style-for-gb8359-69efa95b6274c-6-2-0\" ><div id=\"pl-w65fc523fac21f\"  class=\"panel-layout\" ><div id=\"pg-w65fc523fac21f-0\"  class=\"panel-grid panel-no-style\" ><div id=\"pgc-w65fc523fac21f-0-0\"  class=\"panel-grid-cell\" ><div id=\"panel-w65fc523fac21f-0-0-0\" class=\"so-panel widget widget_sow-editor panel-first-child panel-last-child\" data-index=\"0\" ><div class=\"panel-widget-style panel-widget-style-for-w65fc523fac21f-0-0-0\" ><div\n\t\t\t\n\t\t\tclass=\"so-widget-sow-editor so-widget-sow-editor-base\"\n\t\t\t\n\t\t>\n<div class=\"siteorigin-widget-tinymce textwidget\">\n\t<h4 style=\"text-align: center;\"><b>36 % porast <\/b><\/h4>\n<h4 style=\"text-align: center;\"><b>plju\u010dne embolije<\/b><\/h4>\n<p style=\"text-align: center;\">v 2021 v primerjavi z 2020, \u0161tevilka ostaja vi\u0161ja tudi v 2022<\/p>\n<p style=\"text-align: center;\"><a href=\"https:\/\/odgovoren-za-zdravje.si\/wp-content\/uploads\/2024\/01\/7b.-Hospitalizacija-Pljucna-embolija-Podatkovni-portal-NIJZ-4.png\"><img loading=\"lazy\" decoding=\"async\" class=\"alignnone wp-image-6463\" src=\"https:\/\/odgovoren-za-zdravje.si\/wp-content\/uploads\/2024\/01\/7b.-Hospitalizacija-Pljucna-embolija-Podatkovni-portal-NIJZ-4-300x150.png\" alt=\"\" width=\"462\" height=\"231\" srcset=\"https:\/\/odgovoren-za-zdravje.si\/wp-content\/uploads\/2024\/01\/7b.-Hospitalizacija-Pljucna-embolija-Podatkovni-portal-NIJZ-4-300x150.png 300w, https:\/\/odgovoren-za-zdravje.si\/wp-content\/uploads\/2024\/01\/7b.-Hospitalizacija-Pljucna-embolija-Podatkovni-portal-NIJZ-4.png 600w\" sizes=\"auto, (max-width: 462px) 100vw, 462px\" \/><\/a><\/p>\n<\/div>\n<\/div><\/div><\/div><\/div><\/div><\/div><\/div><\/div><\/div><div id=\"pgc-gb8359-69efa95b6274c-6-3\"  class=\"panel-grid-cell panel-grid-cell-mobile-last\" ><div id=\"panel-gb8359-69efa95b6274c-6-3-0\" class=\"so-panel widget widget_siteorigin-panels-builder panel-first-child panel-last-child\" data-index=\"10\" ><div class=\"so-rounded panel-widget-style panel-widget-style-for-gb8359-69efa95b6274c-6-3-0\" ><div id=\"pl-w65fc523fac323\"  class=\"panel-layout\" ><div id=\"pg-w65fc523fac323-0\"  class=\"panel-grid panel-no-style\" ><div id=\"pgc-w65fc523fac323-0-0\"  class=\"panel-grid-cell\" ><div id=\"panel-w65fc523fac323-0-0-0\" class=\"so-panel widget widget_sow-editor panel-first-child panel-last-child\" data-index=\"0\" ><div class=\"panel-widget-style panel-widget-style-for-w65fc523fac323-0-0-0\" ><div\n\t\t\t\n\t\t\tclass=\"so-widget-sow-editor so-widget-sow-editor-base\"\n\t\t\t\n\t\t>\n<div class=\"siteorigin-widget-tinymce textwidget\">\n\t<h4 style=\"text-align: center;\"><b>149% porast <\/b><\/h4>\n<h4 style=\"text-align: center;\"><b>virusne plju\u010dnice<\/b><\/h4>\n<p style=\"text-align: center;\">v 2021 v primerjavi z 2020, v 2022 se \u0161tevilka (in \u0161tevilo opravljenih cepljenj) zni\u017ea<\/p>\n<p style=\"text-align: center;\"><a href=\"https:\/\/odgovoren-za-zdravje.si\/wp-content\/uploads\/2024\/01\/8.-Hospitalizacija-Virusna-pljucnica-Podatkovni-portal-NIJZ-5.png\"><img loading=\"lazy\" decoding=\"async\" class=\"alignnone wp-image-6459\" src=\"https:\/\/odgovoren-za-zdravje.si\/wp-content\/uploads\/2024\/01\/8.-Hospitalizacija-Virusna-pljucnica-Podatkovni-portal-NIJZ-5-300x150.png\" alt=\"\" width=\"470\" height=\"235\" srcset=\"https:\/\/odgovoren-za-zdravje.si\/wp-content\/uploads\/2024\/01\/8.-Hospitalizacija-Virusna-pljucnica-Podatkovni-portal-NIJZ-5-300x150.png 300w, https:\/\/odgovoren-za-zdravje.si\/wp-content\/uploads\/2024\/01\/8.-Hospitalizacija-Virusna-pljucnica-Podatkovni-portal-NIJZ-5.png 600w\" sizes=\"auto, (max-width: 470px) 100vw, 470px\" \/><\/a><\/p>\n<\/div>\n<\/div><\/div><\/div><\/div><\/div><\/div><\/div><\/div><\/div><div id=\"pgc-gb8359-69efa95b6274c-6-4\"  class=\"panel-grid-cell panel-grid-cell-empty\" ><\/div><\/div><div id=\"pg-gb8359-69efa95b6274c-7\"  class=\"panel-grid panel-no-style\" ><div id=\"pgc-gb8359-69efa95b6274c-7-0\"  class=\"panel-grid-cell\" ><div id=\"panel-gb8359-69efa95b6274c-7-0-0\" class=\"so-panel widget widget_sow-editor panel-first-child panel-last-child\" data-index=\"11\" ><div class=\"besedilo-strani panel-widget-style panel-widget-style-for-gb8359-69efa95b6274c-7-0-0\" ><div\n\t\t\t\n\t\t\tclass=\"so-widget-sow-editor so-widget-sow-editor-base\"\n\t\t\t\n\t\t>\n<div class=\"siteorigin-widget-tinymce textwidget\">\n\t<p style=\"text-align: left;\"><strong>Tudi neverjeten 70 % porast bolni\u0161kih odsotnosti v letu 2022 v primerjavi z letom 2022 ka\u017ee na izredno splo\u0161no poslab\u0161anje javnega zdravja v Sloveniji.<\/strong> <span style=\"font-weight: 400;\">Razli\u010dne \u0161tudije in uradni podatki iz tujine ka\u017eejo, da u\u010dinkovitost cepiva proti Covidu-19 hitro pada in po nekaj mesecih postane celo negativna, kar pomeni, da ve\u010dkrat cepljeni bolj pogosto resno zbolevajo in umirajo za kovidom (glej <\/span><a href=\"https:\/\/odgovoren-za-zdravje.si\/ali-so-cepiva-proti-c-19-ucinkovita\/\"><span style=\"font-weight: 400;\">U\u010dinovitost cepiv proti Covidu-19<\/span><\/a><span style=\"font-weight: 400;\">).<\/span> <span style=\"font-weight: 400;\">Evropska agencija za zdravila EMA je v prvi polovici leta 2021 celo izdala opozorilo, da je VAED (s cepivom povezano pospe\u0161evanje bolezni, ki lahko \u0161kodi ali celo ogrozi zdravje in \u017eivljenje cepljenih) uvr\u0161\u010den na seznam pomembnih potencialnih tveganj ter da je potrebno spremljati in poro\u010dati glede obolevanja s simptomi Covida-19 po cepljenju. O tem slovenski zdravniki domnevno niso bili obve\u0161\u010deni (glej \u010dlanek Iniciative slovenskih zdravnikov: <a href=\"https:\/\/www.slovenskizdravniki.si\/s-cepivom-povezano-pospesevanje-bolezni-vaed-tveganje-o-katerem-se-ne-govori-in-ne-poroca\/\">Tveganje, o katerem se ne govori in ne poro\u010da<\/a>).<\/span><\/p>\n<\/div>\n<\/div><\/div><\/div><\/div><\/div><div id=\"pg-gb8359-69efa95b6274c-8\"  class=\"panel-grid panel-no-style\" ><div id=\"pgc-gb8359-69efa95b6274c-8-0\"  class=\"panel-grid-cell panel-grid-cell-empty\" ><\/div><div id=\"pgc-gb8359-69efa95b6274c-8-1\"  class=\"panel-grid-cell\" ><div id=\"panel-gb8359-69efa95b6274c-8-1-0\" class=\"so-panel widget widget_siteorigin-panels-builder panel-first-child panel-last-child\" data-index=\"12\" ><div class=\"so-rounded panel-widget-style panel-widget-style-for-gb8359-69efa95b6274c-8-1-0\" ><div id=\"pl-w65fc523fac426\"  class=\"panel-layout\" ><div id=\"pg-w65fc523fac426-0\"  class=\"panel-grid panel-no-style\" ><div id=\"pgc-w65fc523fac426-0-0\"  class=\"panel-grid-cell\" ><div id=\"panel-w65fc523fac426-0-0-0\" class=\"so-panel widget widget_sow-editor panel-first-child panel-last-child\" data-index=\"0\" ><div class=\"panel-widget-style panel-widget-style-for-w65fc523fac426-0-0-0\" ><div\n\t\t\t\n\t\t\tclass=\"so-widget-sow-editor so-widget-sow-editor-base\"\n\t\t\t\n\t\t>\n<div class=\"siteorigin-widget-tinymce textwidget\">\n\t<h4 style=\"text-align: center;\"><b>70 % ve\u010d bolni\u0161ke odsotnosti<\/b><\/h4>\n<p style=\"text-align: center;\">v 2022 kot v 2020<\/p>\n<p style=\"text-align: center;\"><a href=\"https:\/\/odgovoren-za-zdravje.si\/wp-content\/uploads\/2024\/01\/1.-Bolniski-stalez-skupaj-Podatkovni-portal-NIJZ-3.png\"><img loading=\"lazy\" decoding=\"async\" class=\"aligncenter wp-image-8225\" src=\"https:\/\/odgovoren-za-zdravje.si\/wp-content\/uploads\/2024\/01\/1.-Bolniski-stalez-skupaj-Podatkovni-portal-NIJZ-3-300x150.png\" alt=\"\" width=\"490\" height=\"245\" srcset=\"https:\/\/odgovoren-za-zdravje.si\/wp-content\/uploads\/2024\/01\/1.-Bolniski-stalez-skupaj-Podatkovni-portal-NIJZ-3-300x150.png 300w, https:\/\/odgovoren-za-zdravje.si\/wp-content\/uploads\/2024\/01\/1.-Bolniski-stalez-skupaj-Podatkovni-portal-NIJZ-3.png 600w\" sizes=\"auto, (max-width: 490px) 100vw, 490px\" \/><\/a><\/p>\n<\/div>\n<\/div><\/div><\/div><\/div><\/div><\/div><\/div><\/div><\/div><div id=\"pgc-gb8359-69efa95b6274c-8-2\"  class=\"panel-grid-cell panel-grid-cell-mobile-last\" ><div id=\"panel-gb8359-69efa95b6274c-8-2-0\" class=\"so-panel widget widget_siteorigin-panels-builder panel-first-child panel-last-child\" data-index=\"13\" ><div class=\"so-rounded panel-widget-style panel-widget-style-for-gb8359-69efa95b6274c-8-2-0\" ><div id=\"pl-w65fc523fac531\"  class=\"panel-layout\" ><div id=\"pg-w65fc523fac531-0\"  class=\"panel-grid panel-no-style\" ><div id=\"pgc-w65fc523fac531-0-0\"  class=\"panel-grid-cell\" ><div id=\"panel-w65fc523fac531-0-0-0\" class=\"so-panel widget widget_sow-editor panel-first-child panel-last-child\" data-index=\"0\" ><div class=\"panel-widget-style panel-widget-style-for-w65fc523fac531-0-0-0\" ><div\n\t\t\t\n\t\t\tclass=\"so-widget-sow-editor so-widget-sow-editor-base\"\n\t\t\t\n\t\t>\n<div class=\"siteorigin-widget-tinymce textwidget\">\n\t<h4 style=\"text-align: center;\"><b>Nekateri razlogi za bolni\u0161ko odsotnost<\/b><\/h4>\n<p style=\"text-align: center;\">so mo\u010dno povi\u0161ani v 2021 in \u0161e bolj v 2022<\/p>\n<p style=\"text-align: center;\"><a href=\"https:\/\/odgovoren-za-zdravje.si\/wp-content\/uploads\/2024\/01\/Razlogi-za-bolnisko-odsotnost.png\"><img loading=\"lazy\" decoding=\"async\" class=\"aligncenter wp-image-8227\" src=\"https:\/\/odgovoren-za-zdravje.si\/wp-content\/uploads\/2024\/01\/Razlogi-za-bolnisko-odsotnost-300x150.png\" alt=\"\" width=\"562\" height=\"281\" srcset=\"https:\/\/odgovoren-za-zdravje.si\/wp-content\/uploads\/2024\/01\/Razlogi-za-bolnisko-odsotnost-300x150.png 300w, https:\/\/odgovoren-za-zdravje.si\/wp-content\/uploads\/2024\/01\/Razlogi-za-bolnisko-odsotnost.png 600w\" sizes=\"auto, (max-width: 562px) 100vw, 562px\" \/><\/a><\/p>\n<\/div>\n<\/div><\/div><\/div><\/div><\/div><\/div><\/div><\/div><\/div><div id=\"pgc-gb8359-69efa95b6274c-8-3\"  class=\"panel-grid-cell panel-grid-cell-empty\" ><\/div><\/div><div id=\"pg-gb8359-69efa95b6274c-9\"  class=\"panel-grid panel-no-style\" ><div id=\"pgc-gb8359-69efa95b6274c-9-0\"  class=\"panel-grid-cell\" ><div id=\"panel-gb8359-69efa95b6274c-9-0-0\" class=\"so-panel widget widget_sow-editor panel-first-child panel-last-child\" data-index=\"14\" ><div class=\"besedilo-strani so-rounded panel-widget-style panel-widget-style-for-gb8359-69efa95b6274c-9-0-0\" ><div\n\t\t\t\n\t\t\tclass=\"so-widget-sow-editor so-widget-sow-editor-base\"\n\t\t\t\n\t\t>\n<div class=\"siteorigin-widget-tinymce textwidget\">\n\t<p><strong>Mnogo ljudi\u00a0<a href=\"https:\/\/odgovoren-za-zdravje.si\/pricanja\/\">poro\u010da<\/a> o poslab\u0161anju zdravstvenega stanja po cepljenju proti Covid-19, \u010deprav so bili prej zdravi.<\/strong> Velikokrat imajo \u0161tevilne in dolgotrajne simptome, zato hodijo od enega specialista do drugega, ti pa ne vedo, kaj narediti z njimi, saj z obi\u010dajnimi preiskavami ne najdejo vzrokov za njihove te\u017eave. <strong>\u010ce ne poznamo (oz. si ne priznamo) vzroka zdravstvenih te\u017eav, tudi ne moremo zagotoviti ustreznega\u00a0<a href=\"https:\/\/odgovoren-za-zdravje.si\/samozdravljenje-po-cepljenju-ali-kovidu\/\">zdravljenja.<\/a> Nujno moramo raziskati, v kolik\u0161ni meri je cepljenje negativno vplivalo na javno zdravje, in najti na\u010din, kako pomagati po\u0161kodovanim, <\/strong>tako zdravstveno kot finan\u010dno z <a href=\"https:\/\/odgovoren-za-zdravje.si\/odskodnine-po-cepljenju\/\">od\u0161kodninami<\/a>.<\/p>\n<p><strong><a href=\"https:\/\/www.delo.si\/sobotna-priloga\/je-cepljenje-varno\/\"><img loading=\"lazy\" decoding=\"async\" class=\"wp-image-6552 alignright\" src=\"https:\/\/odgovoren-za-zdravje.si\/wp-content\/uploads\/2024\/01\/dr.-Zwitter-slika-za-clanek-2-300x257.png\" alt=\"\" width=\"313\" height=\"268\" srcset=\"https:\/\/odgovoren-za-zdravje.si\/wp-content\/uploads\/2024\/01\/dr.-Zwitter-slika-za-clanek-2-300x257.png 300w, https:\/\/odgovoren-za-zdravje.si\/wp-content\/uploads\/2024\/01\/dr.-Zwitter-slika-za-clanek-2.png 700w\" sizes=\"auto, (max-width: 313px) 100vw, 313px\" \/><\/a><\/strong>Zaradi eksperimentalnega statusa cepiv in zahtevanega dodatnega spremljanja varnosti, bi morali NIJZ in ostali odgovorni \u017ee brez zaskrbljujo\u010dih \u0161tevilk o poslab\u0161anju javnega zdravja natan\u010dno spremljati in meriti rezultate tega zdravstvenega ukrepa, kar je sicer tudi temeljni standard medicinske znanosti, <strong>a se jim to o\u010ditno ne zdi potrebno.<\/strong><\/p>\n<hr \/>\n<p>Preberi ve\u010d: <a href=\"https:\/\/odgovoren-za-zdravje.si\/2024\/02\/02\/zakaj-se-nijz-izogiba-analizi-zdravstvenega-stanja\/\"><span style=\"text-decoration: underline;\">Zakaj se NIJZ izogiba analizi in primerjavi zdravstvenega stanja glede na status cepljenja proti Covidu-19?<\/span><\/a><\/p>\n<hr \/>\n<p>Tako pri\u010danja kot uradni podatki pa ka\u017eejo tudi na to, da <strong>zdravniki zdravstvenih te\u017eav po cepljenju v ve\u010dini primerov ne prijavijo<\/strong>, \u010deprav odgovorni zatrjujejo druga\u010de. Zato ocenjujemo, da je \u0161tevilo prijavljenih domnevnih ne\u017eelenih u\u010dinkov cepiv proti Covidu-19, ki ga vodi in spremlja NIJZ, mo\u010dno podcenjeno. Prav tako je omejeno na kratko obdobje po cepljenju, saj ne vklju\u010duje srednjero\u010dnih in dolgoro\u010dnih ne\u017eelenih u\u010dinkov, ki se lahko pojavijo ve\u010d mesecev, celo ve\u010d let po cepljenju.<\/p>\n<hr \/>\n<p>Preberi ve\u010d: <a href=\"https:\/\/odgovoren-za-zdravje.si\/2024\/02\/02\/zakaj-zdravniki-ne-prijavljajo-domnevnih-nezelenih-ucinkov\/\"><span style=\"text-decoration: underline;\">Zakaj zdravniki ne prijavljajo domnevnih ne\u017eelenih u\u010dinkov po cepljenju?<\/span><\/a><\/p>\n<hr \/>\n<p style=\"text-align: center;\"><strong>Od NIJZ zahtevamo verodostojne dokaze, da cepiva proti Covidu-19 niso povzro\u010dila motenj v delovanju imunskega sistema cepljenih oz. da niso vplivala na pove\u010dano \u0161tevilo bolni\u0161kih odsotnosti, bolezni in smrti v Sloveniji v letih 2021-2023.<\/strong><\/p>\n<\/div>\n<\/div><\/div><\/div><\/div><\/div><div id=\"pg-gb8359-69efa95b6274c-10\"  class=\"panel-grid panel-has-style\" ><div class=\"so-rounded panel-row-style panel-row-style-for-gb8359-69efa95b6274c-10\" ><div id=\"pgc-gb8359-69efa95b6274c-10-0\"  class=\"panel-grid-cell\" ><div id=\"panel-gb8359-69efa95b6274c-10-0-0\" class=\"so-panel widget widget_sow-image panel-first-child panel-last-child\" data-index=\"15\" ><div\n\t\t\t\n\t\t\tclass=\"so-widget-sow-image so-widget-sow-image-default-c67d20f9f743-8359\"\n\t\t\t\n\t\t>\n<div class=\"sow-image-container\">\n\t\t<img \n\tsrc=\"https:\/\/odgovoren-za-zdravje.si\/wp-content\/uploads\/2024\/01\/Zahteva-za-analizo-in-soocenje-slika-5.png\" width=\"970\" height=\"599\" srcset=\"https:\/\/odgovoren-za-zdravje.si\/wp-content\/uploads\/2024\/01\/Zahteva-za-analizo-in-soocenje-slika-5.png 970w, https:\/\/odgovoren-za-zdravje.si\/wp-content\/uploads\/2024\/01\/Zahteva-za-analizo-in-soocenje-slika-5-300x185.png 300w, https:\/\/odgovoren-za-zdravje.si\/wp-content\/uploads\/2024\/01\/Zahteva-za-analizo-in-soocenje-slika-5-768x474.png 768w\" sizes=\"(max-width: 970px) 100vw, 970px\" alt=\"\" \t\tclass=\"so-widget-image\"\/>\n\t<\/div>\n\n<\/div><\/div><\/div><div id=\"pgc-gb8359-69efa95b6274c-10-1\"  class=\"panel-grid-cell\" ><div id=\"panel-gb8359-69efa95b6274c-10-1-0\" class=\"so-panel widget widget_sow-editor panel-first-child\" data-index=\"16\" ><div class=\"panel-widget-style panel-widget-style-for-gb8359-69efa95b6274c-10-1-0\" ><div\n\t\t\t\n\t\t\tclass=\"so-widget-sow-editor so-widget-sow-editor-base\"\n\t\t\t\n\t\t>\n<div class=\"siteorigin-widget-tinymce textwidget\">\n\t<h4>ZAHTEVA ZA ANALIZO IN SOO\u010cENJE Z DRUGIM MNENJEM<\/h4>\n<p><strong>Zakaj se je poslab\u0161alo javno zdravje v 2021 in 2022?<\/strong> Zahtevamo analizo varnosti in u\u010dinkovitosti kovid cepiv s primerjavo zdravstvenega stanja in smrti med cepljeno in necepljeno populacijo, analizo odziva na epidemijo, sodelovanje z drugim mnenjem stroke ter prevzem odgovornosti in sanacijo povzro\u010dene \u0161kode.<\/p>\n<div id=\"panel-w65a2b95f860f5-0-1-0\" class=\"so-panel widget widget_sow-editor panel-first-child\" data-index=\"1\">\n<div class=\"panel-widget-style panel-widget-style-for-w65a2b95f860f5-0-1-0\">\n<div class=\"so-widget-sow-editor so-widget-sow-editor-base\">\n<div class=\"siteorigin-widget-tinymce textwidget\">\n<div id=\"panel-w658da9000cb5f-0-0-1\" class=\"so-panel widget widget_sow-editor\" data-index=\"1\">\n<div class=\"panel-widget-style panel-widget-style-for-w658da9000cb5f-0-0-1\">\n<div class=\"so-widget-sow-editor so-widget-sow-editor-base\"><\/div>\n<\/div>\n<\/div>\n<\/div>\n<\/div>\n<\/div>\n<\/div>\n<div id=\"panel-w65a2b95f860f5-0-1-1\" class=\"so-panel widget widget_sow-editor panel-last-child\" data-index=\"2\">\n<div class=\"so-widget-sow-editor so-widget-sow-editor-base\"><\/div>\n<\/div>\n<\/div>\n<\/div><\/div><\/div><div id=\"panel-gb8359-69efa95b6274c-10-1-1\" class=\"so-panel widget widget_sow-button panel-last-child\" data-index=\"17\" ><div\n\t\t\t\n\t\t\tclass=\"so-widget-sow-button so-widget-sow-button-atom-2433a4f7bdd9-8359\"\n\t\t\t\n\t\t><div class=\"ow-button-base ow-button-align-left\"\n>\n\t\t\t<a\n\t\t\t\t\thref=\"https:\/\/odgovoren-za-zdravje.si\/zahteva-za-analizo\/\"\n\t\t\t\t\tclass=\"sowb-button ow-icon-placement-left ow-button-hover\" \t>\n\t\t<span>\n\t\t\t\n\t\t\tPODPI\u0160I ZAHTEVO\t\t<\/span>\n\t\t\t<\/a>\n\t<\/div>\n<\/div><\/div><\/div><\/div><\/div><div id=\"pg-gb8359-69efa95b6274c-11\"  class=\"panel-grid panel-has-style\" ><div class=\"so-rounded panel-row-style panel-row-style-for-gb8359-69efa95b6274c-11\" ><div id=\"pgc-gb8359-69efa95b6274c-11-0\"  class=\"panel-grid-cell\" ><div id=\"panel-gb8359-69efa95b6274c-11-0-0\" class=\"so-panel widget widget_sow-image panel-first-child panel-last-child\" data-index=\"18\" ><div\n\t\t\t\n\t\t\tclass=\"so-widget-sow-image so-widget-sow-image-default-8b5b6f678277-8359\"\n\t\t\t\n\t\t>\n<div class=\"sow-image-container\">\n\t\t<img \n\tsrc=\"https:\/\/odgovoren-za-zdravje.si\/wp-content\/uploads\/2024\/01\/Pricanja-spregovori-slika-3.png\" width=\"963\" height=\"597\" srcset=\"https:\/\/odgovoren-za-zdravje.si\/wp-content\/uploads\/2024\/01\/Pricanja-spregovori-slika-3.png 963w, https:\/\/odgovoren-za-zdravje.si\/wp-content\/uploads\/2024\/01\/Pricanja-spregovori-slika-3-300x186.png 300w, https:\/\/odgovoren-za-zdravje.si\/wp-content\/uploads\/2024\/01\/Pricanja-spregovori-slika-3-768x476.png 768w\" sizes=\"(max-width: 963px) 100vw, 963px\" alt=\"\" \t\tclass=\"so-widget-image\"\/>\n\t<\/div>\n\n<\/div><\/div><\/div><div id=\"pgc-gb8359-69efa95b6274c-11-1\"  class=\"panel-grid-cell\" ><div id=\"panel-gb8359-69efa95b6274c-11-1-0\" class=\"so-panel widget widget_sow-editor panel-first-child\" data-index=\"19\" ><div class=\"panel-widget-style panel-widget-style-for-gb8359-69efa95b6274c-11-1-0\" ><div\n\t\t\t\n\t\t\tclass=\"so-widget-sow-editor so-widget-sow-editor-base\"\n\t\t\t\n\t\t>\n<div class=\"siteorigin-widget-tinymce textwidget\">\n\t<h4>NE BODI TIHO, POVEJ SVOJO ZGODBO TUDI TI!<\/h4>\n<p>\u010ce se je vam ali va\u0161im bli\u017enjim zdravje po cepljenju proti C-19 poslab\u0161alo in ste prepri\u010dani ali sumite, da je prejeto cepivo (vsaj deloma) vzrok za va\u0161e te\u017eave, je pomembno, da o tem spregovorite. \u010ce boste izrecno dovolili, bomo va\u0161o zgodbo (anonimno) objavili na strani s <a href=\"https:\/\/odgovoren-za-zdravje.si\/pricanja\">Pri\u010danji<\/a>.<\/p>\n<\/div>\n<\/div><\/div><\/div><div id=\"panel-gb8359-69efa95b6274c-11-1-1\" class=\"so-panel widget widget_sow-button panel-last-child\" data-index=\"20\" ><div\n\t\t\t\n\t\t\tclass=\"so-widget-sow-button so-widget-sow-button-atom-8394d2347c08-8359\"\n\t\t\t\n\t\t><div class=\"ow-button-base ow-button-align-left\"\n>\n\t\t\t<a\n\t\t\t\t\thref=\"https:\/\/odgovoren-za-zdravje.si\/vprasalnik-cepljenje\/\"\n\t\t\t\t\tclass=\"sowb-button ow-icon-placement-left ow-button-hover\" \t>\n\t\t<span>\n\t\t\t\n\t\t\tVpra\u0161alnik o te\u017eavah po cepljenju proti C-19\t\t<\/span>\n\t\t\t<\/a>\n\t<\/div>\n<\/div><\/div><\/div><\/div><\/div><\/div>","protected":false},"excerpt":{"rendered":"<p>Namen cepljenja proti Covidu-19 je bil zmanj\u0161ati smrtnost in \u0161kodo na zdravju povzro\u010deno s koronskim virusom v 2020. Ve\u010dinski dele\u017e cepljenj je bil opravljen v letu 2021, a \u0161tevilke iz celega sveta ka\u017eejo na alarmantno poslab\u0161anje javnega zdravja v 2021 in 2022.<\/p>\n","protected":false},"author":3,"featured_media":8306,"comment_status":"open","ping_status":"closed","sticky":false,"template":"","format":"standard","meta":{"footnotes":""},"categories":[24,45],"tags":[],"class_list":["post-8359","post","type-post","status-publish","format-standard","has-post-thumbnail","hentry","category-cepljenje","category-zahteva"],"_links":{"self":[{"href":"https:\/\/odgovoren-za-zdravje.si\/index.php?rest_route=\/wp\/v2\/posts\/8359","targetHints":{"allow":["GET"]}}],"collection":[{"href":"https:\/\/odgovoren-za-zdravje.si\/index.php?rest_route=\/wp\/v2\/posts"}],"about":[{"href":"https:\/\/odgovoren-za-zdravje.si\/index.php?rest_route=\/wp\/v2\/types\/post"}],"author":[{"embeddable":true,"href":"https:\/\/odgovoren-za-zdravje.si\/index.php?rest_route=\/wp\/v2\/users\/3"}],"replies":[{"embeddable":true,"href":"https:\/\/odgovoren-za-zdravje.si\/index.php?rest_route=%2Fwp%2Fv2%2Fcomments&post=8359"}],"version-history":[{"count":12,"href":"https:\/\/odgovoren-za-zdravje.si\/index.php?rest_route=\/wp\/v2\/posts\/8359\/revisions"}],"predecessor-version":[{"id":9333,"href":"https:\/\/odgovoren-za-zdravje.si\/index.php?rest_route=\/wp\/v2\/posts\/8359\/revisions\/9333"}],"wp:featuredmedia":[{"embeddable":true,"href":"https:\/\/odgovoren-za-zdravje.si\/index.php?rest_route=\/wp\/v2\/media\/8306"}],"wp:attachment":[{"href":"https:\/\/odgovoren-za-zdravje.si\/index.php?rest_route=%2Fwp%2Fv2%2Fmedia&parent=8359"}],"wp:term":[{"taxonomy":"category","embeddable":true,"href":"https:\/\/odgovoren-za-zdravje.si\/index.php?rest_route=%2Fwp%2Fv2%2Fcategories&post=8359"},{"taxonomy":"post_tag","embeddable":true,"href":"https:\/\/odgovoren-za-zdravje.si\/index.php?rest_route=%2Fwp%2Fv2%2Ftags&post=8359"}],"curies":[{"name":"wp","href":"https:\/\/api.w.org\/{rel}","templated":true}]}}