{"id":6224,"date":"2023-06-01T07:26:59","date_gmt":"2023-06-01T07:26:59","guid":{"rendered":"https:\/\/odgovoren-za-zdravje.si\/?p=6224"},"modified":"2024-06-10T14:58:14","modified_gmt":"2024-06-10T14:58:14","slug":"tretji-mednarodni-posvet-o-kovidu","status":"publish","type":"post","link":"https:\/\/odgovoren-za-zdravje.si\/?p=6224","title":{"rendered":"Tretji mednarodni posvet o kovidu ali kaj bi se morali nau\u010diti iz epidemije?"},"content":{"rendered":"<div id=\"pl-gb6224-69ef94ae0ad21\"  class=\"panel-layout\" ><div id=\"pg-gb6224-69ef94ae0ad21-0\"  class=\"panel-grid panel-no-style\" ><div id=\"pgc-gb6224-69ef94ae0ad21-0-0\"  class=\"panel-grid-cell\" ><div id=\"panel-gb6224-69ef94ae0ad21-0-0-0\" class=\"so-panel widget widget_sow-button panel-first-child panel-last-child\" data-index=\"0\" ><div\n\t\t\t\n\t\t\tclass=\"so-widget-sow-button so-widget-sow-button-wire-fe7214ff1179-6224\"\n\t\t\t\n\t\t><div class=\"ow-button-base ow-button-align-center\"\n>\n\t\t\t<a\n\t\t\t\t\thref=\"https:\/\/odgovoren-za-zdravje.si\/aktualno\/\"\n\t\t\t\t\tclass=\"sowb-button ow-icon-placement-left ow-button-hover\" \t>\n\t\t<span>\n\t\t\t\n\t\t\tAKTUALNO\t\t<\/span>\n\t\t\t<\/a>\n\t<\/div>\n<\/div><\/div><\/div><div id=\"pgc-gb6224-69ef94ae0ad21-0-1\"  class=\"panel-grid-cell panel-grid-cell-empty\" ><\/div><div id=\"pgc-gb6224-69ef94ae0ad21-0-2\"  class=\"panel-grid-cell panel-grid-cell-empty\" ><\/div><div id=\"pgc-gb6224-69ef94ae0ad21-0-3\"  class=\"panel-grid-cell panel-grid-cell-empty\" ><\/div><div id=\"pgc-gb6224-69ef94ae0ad21-0-4\"  class=\"panel-grid-cell panel-grid-cell-empty\" ><\/div><div id=\"pgc-gb6224-69ef94ae0ad21-0-5\"  class=\"panel-grid-cell panel-grid-cell-empty panel-grid-cell-mobile-last\" ><\/div><div id=\"pgc-gb6224-69ef94ae0ad21-0-6\"  class=\"panel-grid-cell panel-grid-cell-empty\" ><\/div><\/div><div id=\"pg-gb6224-69ef94ae0ad21-1\"  class=\"panel-grid panel-no-style\" ><div id=\"pgc-gb6224-69ef94ae0ad21-1-0\"  class=\"panel-grid-cell\" ><div id=\"panel-gb6224-69ef94ae0ad21-1-0-0\" class=\"so-panel widget widget_themegrill_flash_heading tg-widget section-title-wrapper panel-first-child panel-last-child\" data-index=\"1\" >\t<h3 class=\"section-title\">Tretji mednarodni posvet o kovidu ali kaj bi se morali nau\u010diti iz epidemije<\/h3>\n<\/div><\/div><\/div><div id=\"pg-gb6224-69ef94ae0ad21-2\"  class=\"panel-grid panel-no-style\" ><div id=\"pgc-gb6224-69ef94ae0ad21-2-0\"  class=\"panel-grid-cell\" ><div id=\"panel-gb6224-69ef94ae0ad21-2-0-0\" class=\"so-panel widget widget_sow-editor panel-first-child\" data-index=\"2\" ><div class=\"besedilo-strani panel-widget-style panel-widget-style-for-gb6224-69ef94ae0ad21-2-0-0\" ><div\n\t\t\t\n\t\t\tclass=\"so-widget-sow-editor so-widget-sow-editor-base\"\n\t\t\t\n\t\t>\n<div class=\"siteorigin-widget-tinymce textwidget\">\n\t<p><strong>Maja letos (2023) je v Evropskem parlamentu potekal \u017ee tretji Mednarodni posvet o kovidu<\/strong> (International Covid Summit), na katerem so ugledni strokovnjaki, ki so \u017ee tri leta kriti\u010dni do izvajanih epidemi\u010dnih ukrepov, predstavili svoja najnovej\u0161a znanstvena, raziskovalna in klini\u010dna dognanja v zvezi z izvorom virusa, potekom in na\u010dinom zdravljenja kovidne bolezni, izvajanjem medijske in znanstvene cenzure ter glede u\u010dinkovitosti in varnosti cepiv proti kovidu, njihovih \u0161tevilnih ne\u017eelenih posledicah za zdravo populacijo, vplivu na zdravje mo\u0161kih, \u017eensk in otrok, prav tako pa so spregovorili o kr\u0161enju evropske zakonodaje glede pridobivanja dovoljenj za promet z zdravili in novim pandemskim sporazumom dr\u017eav \u010dlanic s Svetovno zdravstveno organizacijo, ki posega v suverenost nacionalnih dr\u017eav.<\/p>\n<p><img loading=\"lazy\" decoding=\"async\" class=\" wp-image-6226 alignleft\" src=\"https:\/\/odgovoren-za-zdravje.si\/wp-content\/uploads\/2024\/01\/Kovid-posvet-300x120.png\" alt=\"\" width=\"433\" height=\"173\" srcset=\"https:\/\/odgovoren-za-zdravje.si\/wp-content\/uploads\/2024\/01\/Kovid-posvet-300x120.png 300w, https:\/\/odgovoren-za-zdravje.si\/wp-content\/uploads\/2024\/01\/Kovid-posvet.png 768w\" sizes=\"auto, (max-width: 433px) 100vw, 433px\" \/>Mnenje tistega dela stroke, ki je bila na\u010drtno in sistemati\u010dno uti\u0161ana in diskreditirana od samega za\u010detka razglasitve zdravstvene krize svetovnih razse\u017enosti, je bilo tokrat predstavljeno v Evropskem parlamentu na povabilo evropskih poslancev, ki so \u017ee aprila 2022 ustanovili poseben Odbor Evropskega parlamenta o pandemiji kovida-19. Namen Odbora, v katerem sta tudi dva neodvisna evropska poslanca iz Hrva\u0161ke, Mislav Kolaku\u0161i\u0107 in Ivan Vilibor Sin\u010di\u0107, je osvetliti izku\u0161njo upravljanja zdravstvene krize, analizirati njene posledice na zdravje in blagostanje evropskih dr\u017eavljanov in se odkrito soo\u010diti z napakami in nepravilnostmi, ki so bile storjene.<\/p>\n<p>Glede na popolno medijsko blokado, ki smo ji pri\u010da \u017ee 3 leta, je bilo pri\u010dakovano, da o tem posvetu osrednji mediji ne bodo poro\u010dali.\u00a0 Poro\u010dali niso niti <strong>o prvem Mednarodnem posvetu o kovidu, ki je septembra 2021 potekal v italijanskem Senatu<\/strong>. Tam so, v \u010dasu, ko je bila epidemija kovida na vrhuncu, strokovnjaki iz celega sveta predstavili svoje ugotovitve in izku\u0161nje glede zdravljenja kovida z lahko dostopnimi in poceni zdravili, ki so bila \u017ee na voljo, predvsem pa so opozorili na neustrezno medicinsko obravnavo kovidne bolezni izklju\u010dno v bolni\u0161nicah in izklju\u010dno v napredovani fazi bolezni.<\/p>\n<p><strong>Drugi Mednarodni posvet o kovidu je potekal marca 2022 v Franciji<\/strong>, organiziral pa ga je francoski In\u0161titut Didier Raoult iz Marseilla. Prav na tem uglednem znanstvenem in\u0161titutu so izvedli t.im. \u201efrancosko\u201c \u0161tudijo o hidroksiklorokinu, ki temelji na lastnih klini\u010dnih izku\u0161njah zdravljenja kovidnih bolnikov, tudi tistih iz rizi\u010dnih skupin, s pomo\u010djo hidroksiklorokina. Vrhunski znanstvenik Didier Raoult je bil vse do trenutka, ko je objavil \u0161tudijo o hidroksiklorokinu, eden najbolj cenjenih mikrobiologov v svetu, nakar ga je \u201ezadela\u201c enaka usoda, kot vse, ki so si o tem drznili spregovoriti \u2013 diskreditacija in posmeh.<\/p>\n<p>Ne glede na to, pa nam je na tretjem Mednarodnem posvetu o kovidu v Evropskem parlamentu, postalo jasno, da vsi ti znanstveniki, raziskovalci in strokovnjaki nadaljujejo svoje poslanstvo in se trudijo, da bi njihova preverjena dognanja o kovidu in s tem povezanih ukrepih pri\u0161le do javnosti. Nam pa dajejo upanje, da neodvisna znanost in stroka, na katero kapital in privilegiji nimajo vpliva, \u0161e obstaja. \u010ce boste posnetke ali informacijo o tem posvetu iskali na Googlu, vam bo serviral izklju\u010dno Globalni posvet o kovidu (Global Covid Summit), ki so ga septembra 2021 in maja 2022 v Beli hi\u0161i organizirali predstavniki zgolj tiste stroke in institucij, ki v cepivih proti kovidu ne vidijo nobenih te\u017eav, v prvi vrsti Svetovna zdravstvena organizacija. Govorili so predvsem o tem, kako dose\u010di \u010dim ve\u010djo precepljenost proti kovidu, pa \u010deprav cepiva ne prepre\u010dujejo oku\u017ebe in ga ne gre zamenjati z Mednarodnim posvetom o kovidu (International Covid Summit \u2013 ICS), ki predstavlja tisto znanost in stroko, ki je zamol\u010dana.<\/p>\n<hr \/>\n<h5><strong>POSNETKI:<\/strong><\/h5>\n<ul>\n<li><a href=\"https:\/\/rumble.com\/v358v2o-poroilo-o-3.-mednarodnem-vrhu-o-kovidu-dr.-john-campbell.html\">Povzetek<\/a> in posamezni najpomembnej\u0161imi odseki s slovenskimi podnapisi<\/li>\n<li><a href=\"https:\/\/live.childrenshealthdefense.org\/chd-tv\/events\/fluoride-report-or-systematic-review-of-the-science-or-may-4-or-12-30pm-et\/fluoride-report-systematic-review-of-the-science-may-4\/\">Celoten posnetek<\/a> z angle\u0161kimi podnapisi &#8211; za la\u017ejo orientacijo je spodaj naveden dnevni red Posveta, skupaj s \u010dasovnico na videoposnetku<\/li>\n<li>Predavanja 2 zdravnikov glede po\u0161kodb po cepljenju sta prevedena v slove\u0161\u010dino, glej povezavo spodaj v dnevnem redu.<\/li>\n<\/ul>\n<\/div>\n<\/div><\/div><\/div><div id=\"panel-gb6224-69ef94ae0ad21-2-0-1\" class=\"so-panel widget widget_sow-editor panel-last-child\" data-index=\"3\" ><div class=\"besedilo-strani panel-widget-style panel-widget-style-for-gb6224-69ef94ae0ad21-2-0-1\" ><div\n\t\t\t\n\t\t\tclass=\"so-widget-sow-editor so-widget-sow-editor-base\"\n\t\t\t\n\t\t>\n<div class=\"siteorigin-widget-tinymce textwidget\">\n\t<hr \/>\n<h5><strong>DNEVNI RED 3. MEDNARODNEGA POSVETA O KOVIDU<\/strong><\/h5>\n<p><span style=\"text-decoration: underline;\"><strong>UVODNI POZDRAV \u010cLANOV EVROPSKEGA PARLAMENTA<\/strong><\/span><\/p>\n<ul>\n<li>CRISTIAN TERHES \u2013 Zavezni\u0161tvo konzervativcev in reformistov v Evropi, ROMUNIJA (\u010dasovnica 00:00:38)<\/li>\n<li>IVAN VILIBOR SIN\u010cI\u0106 \u2013 neodvisni evropski poslanec, HRVA\u0160KA (\u010dasovnica 00:04:45)<\/li>\n<\/ul>\n<p><span style=\"text-decoration: underline;\"><strong>UVODNI POZDRAV EKIPE ORGANIZATORJEV POSVETA<\/strong><\/span><\/p>\n<ul>\n<li>Dr. STEPHEN MALTHAUSE \u2013 moderator, KANADA (\u010dasovnica 00:10:50)<\/li>\n<\/ul>\n<p><span style=\"text-decoration: underline;\"><strong>COVID- 19: VSA RESNICA OD SAMEGA ZA\u010cETKA<\/strong><\/span><\/p>\n<ul>\n<li>Dr. DAVID MARTIN, ZDA: Prihajajo\u010de neurje \u2013 cena presli\u0161anih vpra\u0161anj (\u010dasovnica 00:13:29)<\/li>\n<li>NICK HUDSON, JU\u017dNA AFRIKA: Epidemiolo\u0161ki ukrepi in zapiranje dru\u017ebe brez znanstvenih podatkov (\u010dasovnica 00:35:48)<\/li>\n<li>Prof. dr. CIRO ISIDORO, ITALIJA: Covid-19: nova bolezen, ki spominja na staro bolezen (\u010dasovnica 00:52:06)<\/li>\n<li>Prof. dr. GIOVANNI MELEDANDRI, ITALIJA: Interdisciplinarna dognanja o Sars-Cov-2 in Covid-19 (\u010dasovnica 01:08:36)<\/li>\n<li>Dr. med. ANDREA STRAMEZZI, ITALIJA: Pravo\u010dasen odziv: izku\u0161nja iz terena v Italiji (\u010dasovnica 01:30:14)<\/li>\n<\/ul>\n<p><span style=\"text-decoration: underline;\"><strong>VPLIV EPIDEMI\u010cNIH UKREPOV, ZGODNJEGA ZDRAVLJENJA IN MEDIJEV<\/strong><\/span><\/p>\n<ul>\n<li>Dr. LOUIS FOUCHE, FRANCIJA: Vpliv epidemi\u010dnih ukrepov \u2013 maske in zapiranje dru\u017ebe (\u010dasovnica 01:51:06)<\/li>\n<li>Prof. dr. PHILIPPE BROUQUI, FRANCIJA: Zgodnje zdravljenje: hidroksiklorokin in intenzivna nega (\u010dasovnica 02:09:53)<\/li>\n<li>Dr. med. PIERRE KORY, ZDA: Ivermektin in onemogo\u010danje zgodnjega zdravljenja (\u010dasovnica 02:24:23)<\/li>\n<li>Dr. JASON CHRISTOFF, KANADA: Prevlada medijev nad medicino: mo\u010d medijev (\u010dasovnica 02:43:35)<\/li>\n<\/ul>\n<p><span style=\"text-decoration: underline;\"><strong>CEPIVA PROTI\u00a0 COVIDU \u2013 19: REZULTATI KLINI\u010cNIH \u0160TUDIJ IN U\u010cINKOVITOST<\/strong><\/span><\/p>\n<ul>\n<li>Dr. BYRAM BRIDLE, KANADA: Klini\u010dne \u0161tudije cepiv proti Covidu-19 (\u010dasovnica 02:56:36)<\/li>\n<li>Prof. dr. HARVEY RISCH, ZDA: U\u010dinkovitost cepiv proti Covidu-19 (\u010dasovnica 03:18:12)<\/li>\n<\/ul>\n<p><span style=\"text-decoration: underline;\"><strong>DISKUSIJA S PREDSTAVNIKI EVROPSKEGA PARLAMENTA<\/strong><\/span><\/p>\n<ul>\n<li>Ga. FRANCESCA DONATO \u2013 neodvisna evropska poslanka, ITALIJA (\u010dasovnica 04:02:08)<\/li>\n<li>MISLAV KOLAKU\u0160I\u0106 \u2013 neodvisni evropski poslanec, HRVA\u0160KA (\u010dasovnica 04:08:56)<\/li>\n<li>Ga. CHRISTINE ANDERSON \u2013 Stranka identitete in demokracije, NEM\u010cIJA (\u010dasovnica 04:16:39)<\/li>\n<\/ul>\n<p><span style=\"text-decoration: underline;\"><strong>VPLIV CEPIV PROTI COVIDU-19 NA REPRODUKTIVNI SISTEM<\/strong><\/span><\/p>\n<ul>\n<li>Prof. dr. GIUSEPPE TRITTO, ITALIJA: Vpliv cepiv na plodnost mo\u0161kih (\u010dasovnica 04:32:31)<\/li>\n<li>Dr. med. NATALIA PREGO, \u0160PANIJA: Vpliv cepiv na plodnost \u017eensk (\u010dasovnica 04:46:23)<\/li>\n<li>Prof. dr. GIOVANNI FRAJESE, ITALIJA: \u010clove\u0161ka reprodukcija in mRNK cepiva, manjkajo\u010de \u0161tudije (\u010dasovnica 04:59:30)<\/li>\n<\/ul>\n<p><span style=\"text-decoration: underline;\"><strong>NATO SO \u0160LI NAD OTROKE<\/strong><\/span><\/p>\n<ul>\n<li>Dr. KIRK MILHOAN,- ZDA: Vpliv virusa Covid-19 na otroke (\u010dasovnica 05:18:30)<\/li>\n<li>Dr. ALEJANDRO DIAZ VILLALOBO, MEHIKA: Vpliv cepiv proti Covidu-19 na otroke (\u010dasovnica 05:30:25)<\/li>\n<li>EMMANUELLE DARLES, FRANCIJA: Vpliv ukrepov na otroke (\u010dasovnica 05:41:35)<\/li>\n<\/ul>\n<p><span style=\"text-decoration: underline;\"><strong>CEPIVA PROTI COVIDU-19: REZULTATI KLINI\u010cNIH \u0160TUDIJ, PO\u0160KOBE IN POSLEDICE<\/strong><\/span><\/p>\n<ul>\n<li><a href=\"https:\/\/rumble.com\/v358mwa-pokodbe-po-cepljenju-proti-covid-19-drugo-mnenje-prof.-dr.-med.-arne-burkha.html\">Prof. dr.. ARNE BURKHARTD \u2013 NEM\u010cIJA, Po\u0161kodbe srca in plju\u010d zaradi cepiv proti Covidu-19<\/a> (\u010dasovnica 05:54:14)<\/li>\n<li>Dr. ROSANNA CHIFARI \u2013 ITALIJA, Nevrolo\u0161ke po\u0161kodbe po cepljenju proti Covidu-19 (\u010dasovnica 06:13:46)<\/li>\n<li><a href=\"https:\/\/rumble.com\/v358lte-cepiva-proti-kovidu19-in-rak-drugo-mnenje-dr.-ryan-cole-3.5.2023.html\">Dr. RYAN COLE \u2013 ZDA, Cepiva proti Covidu-19 in rak<\/a> (\u010dasovnica 06:22:38)<\/li>\n<\/ul>\n<p><span style=\"text-decoration: underline;\"><strong>STATISTI\u010cNI PODATKI O SPLO\u0160NI SMRTNOSTI IN VAERS<\/strong><\/span><\/p>\n<ul>\n<li>VINCENT PAVAN, FRANCIJA: Statisti\u010dni podatki o splo\u0161ni smrtnosti v Franciji (\u010dasovnica 06:39:02)<\/li>\n<li>Prof. dr. THEO SCHETTERS, NIZOZEMSKA: Statisti\u010dni podatki o splo\u0161ni smrtnosti na Nizozemskem (\u010dasovnica 06:49:35)<\/li>\n<li>Prof. dr. HERVE SELIGMANN, NEM\u010cIJA: Statisti\u010dni podatki o splo\u0161ni smrtnosti v Evropi (Timestamp\u00a02.58.35)<\/li>\n<li>Dr. JESSICA ROSE, KANADA: Sistem poro\u010danja o ne\u017eelenih posledicah cepljenja (VAERS) (VAERS) (\u010dasovnica 07:11:40)<\/li>\n<\/ul>\n<p><span style=\"text-decoration: underline;\"><strong>PRAVNI VIDIKI PANDEMIJE<\/strong><\/span><\/p>\n<ul>\n<li>MARIA GUTSCHI, KANADA: \u010cesa nam niso povedali: postopek za izdajo dovoljenja za promet s cepivi (\u010dasovnica 07:22:15)<\/li>\n<li>Prof. dr. CHRISTIAN PERRONNE, FRANCIJA: Onemogo\u010danje medicinske stroke (\u010casovnica 07:34:15)<\/li>\n<li>Dr. AMIN UMLIL, FRANCIJA: Svoboda do izbire zdravljenja (\u010dasovnica 07:45:10)<\/li>\n<li>RENATE HOLZEISEN, ITALIJA: Pravni vidik pandemije (\u010dasovnica 07:53:49)<\/li>\n<li>Dr. MERYL NASS, ZDA: Nova pravila Svetovne zdravstvene organizacije (\u010dasovnica 08:01:10)<\/li>\n<li>Dr. KATARINA LINDLEY, HRVA\u0160KA: Nova pandemska pogodba SZO (\u010dasovnica 08:06:30)<\/li>\n<\/ul>\n<p><span style=\"text-decoration: underline;\"><strong>POVZETEK IN KAKO NAPREJ<\/strong><\/span><\/p>\n<ul>\n<li>DR. ROBERT MALONE, ZDA (\u010dasovnica 08:09:58)<\/li>\n<\/ul>\n<\/div>\n<\/div><\/div><\/div><\/div><\/div><\/div>","protected":false},"excerpt":{"rendered":"<p>\u0160tevilni ugledni strokovnjaki so ugotovitve svojih raziskav in klini\u010dne prakse maja 2023 predstavili v Evropskem parlamentu in bili jasni: &#8220;Vodenje odziva na epidemijo, vklju\u010dno s cepivi proti covidu-19, je bilo strokovno neupravi\u010deno, katastrofa za javno zdravje in ima elemente kaznivega dejanja.&#8221;<\/p>\n","protected":false},"author":2,"featured_media":6226,"comment_status":"open","ping_status":"closed","sticky":false,"template":"","format":"standard","meta":{"footnotes":""},"categories":[26],"tags":[],"class_list":["post-6224","post","type-post","status-publish","format-standard","has-post-thumbnail","hentry","category-ukrepi"],"_links":{"self":[{"href":"https:\/\/odgovoren-za-zdravje.si\/index.php?rest_route=\/wp\/v2\/posts\/6224","targetHints":{"allow":["GET"]}}],"collection":[{"href":"https:\/\/odgovoren-za-zdravje.si\/index.php?rest_route=\/wp\/v2\/posts"}],"about":[{"href":"https:\/\/odgovoren-za-zdravje.si\/index.php?rest_route=\/wp\/v2\/types\/post"}],"author":[{"embeddable":true,"href":"https:\/\/odgovoren-za-zdravje.si\/index.php?rest_route=\/wp\/v2\/users\/2"}],"replies":[{"embeddable":true,"href":"https:\/\/odgovoren-za-zdravje.si\/index.php?rest_route=%2Fwp%2Fv2%2Fcomments&post=6224"}],"version-history":[{"count":13,"href":"https:\/\/odgovoren-za-zdravje.si\/index.php?rest_route=\/wp\/v2\/posts\/6224\/revisions"}],"predecessor-version":[{"id":6244,"href":"https:\/\/odgovoren-za-zdravje.si\/index.php?rest_route=\/wp\/v2\/posts\/6224\/revisions\/6244"}],"wp:featuredmedia":[{"embeddable":true,"href":"https:\/\/odgovoren-za-zdravje.si\/index.php?rest_route=\/wp\/v2\/media\/6226"}],"wp:attachment":[{"href":"https:\/\/odgovoren-za-zdravje.si\/index.php?rest_route=%2Fwp%2Fv2%2Fmedia&parent=6224"}],"wp:term":[{"taxonomy":"category","embeddable":true,"href":"https:\/\/odgovoren-za-zdravje.si\/index.php?rest_route=%2Fwp%2Fv2%2Fcategories&post=6224"},{"taxonomy":"post_tag","embeddable":true,"href":"https:\/\/odgovoren-za-zdravje.si\/index.php?rest_route=%2Fwp%2Fv2%2Ftags&post=6224"}],"curies":[{"name":"wp","href":"https:\/\/api.w.org\/{rel}","templated":true}]}}