{"id":4424,"date":"2023-11-28T11:07:08","date_gmt":"2023-11-28T11:07:08","guid":{"rendered":"https:\/\/odgovoren-za-zdravje.si\/?p=4424"},"modified":"2024-06-10T14:56:20","modified_gmt":"2024-06-10T14:56:20","slug":"pismo-evropske-agencije-za-zdravila-navaja-neutemeljenost-obveznega-cepljenja-proti-koronavirusom","status":"publish","type":"post","link":"https:\/\/odgovoren-za-zdravje.si\/?p=4424","title":{"rendered":"Pismo Evropske agencije za zdravila navaja neutemeljenost obveznega* cepljenja proti koronavirusom"},"content":{"rendered":"\n<p><\/p>\n\n\n<div id=\"pl-gb4424-69efa90e976b3\"  class=\"panel-layout\" ><div id=\"pg-gb4424-69efa90e976b3-0\"  class=\"panel-grid panel-has-style\" ><div class=\"siteorigin-panels-stretch panel-row-style panel-row-style-for-gb4424-69efa90e976b3-0\" data-stretch-type=\"full-width-stretch\" ><div id=\"pgc-gb4424-69efa90e976b3-0-0\"  class=\"panel-grid-cell\" ><div id=\"panel-gb4424-69efa90e976b3-0-0-0\" class=\"so-panel widget widget_sow-image panel-first-child panel-last-child\" data-index=\"0\" ><div\n\t\t\t\n\t\t\tclass=\"so-widget-sow-image so-widget-sow-image-default-8b5b6f678277-4424\"\n\t\t\t\n\t\t>\n<div class=\"sow-image-container\">\n\t\t<img \n\tsrc=\"https:\/\/odgovoren-za-zdravje.si\/wp-content\/uploads\/2023\/11\/Aktualno-EMA.png\" width=\"2560\" height=\"600\" srcset=\"https:\/\/odgovoren-za-zdravje.si\/wp-content\/uploads\/2023\/11\/Aktualno-EMA.png 2560w, https:\/\/odgovoren-za-zdravje.si\/wp-content\/uploads\/2023\/11\/Aktualno-EMA-300x70.png 300w, https:\/\/odgovoren-za-zdravje.si\/wp-content\/uploads\/2023\/11\/Aktualno-EMA-1024x240.png 1024w, https:\/\/odgovoren-za-zdravje.si\/wp-content\/uploads\/2023\/11\/Aktualno-EMA-768x180.png 768w, https:\/\/odgovoren-za-zdravje.si\/wp-content\/uploads\/2023\/11\/Aktualno-EMA-1536x360.png 1536w, https:\/\/odgovoren-za-zdravje.si\/wp-content\/uploads\/2023\/11\/Aktualno-EMA-2048x480.png 2048w\" sizes=\"(max-width: 2560px) 100vw, 2560px\" title=\"Aktualno EMA\" alt=\"\" \t\tclass=\"so-widget-image\"\/>\n\t<\/div>\n\n<\/div><\/div><\/div><\/div><\/div><div id=\"pg-gb4424-69efa90e976b3-1\"  class=\"panel-grid panel-no-style\" ><div id=\"pgc-gb4424-69efa90e976b3-1-0\"  class=\"panel-grid-cell\" ><div id=\"panel-gb4424-69efa90e976b3-1-0-0\" class=\"so-panel widget widget_themegrill_flash_heading tg-widget section-title-wrapper panel-first-child panel-last-child\" data-index=\"1\" >\t<h3 class=\"section-title\">Pismo Evropske agencije za zdravila navaja neutemeljenost obveznega* cepljenja proti koronavirusom<\/h3>\n\t<div class=\"section-description\">Dr. Peter F. Mayer (prevod L. P.)<\/div>\n<\/div><\/div><\/div><div id=\"pg-gb4424-69efa90e976b3-2\"  class=\"panel-grid panel-no-style\" ><div id=\"pgc-gb4424-69efa90e976b3-2-0\"  class=\"panel-grid-cell\" ><div id=\"panel-gb4424-69efa90e976b3-2-0-0\" class=\"so-panel widget widget_sow-editor panel-first-child\" data-index=\"2\" ><div class=\"besedilo-strani panel-widget-style panel-widget-style-for-gb4424-69efa90e976b3-2-0-0\" ><div\n\t\t\t\n\t\t\tclass=\"so-widget-sow-editor so-widget-sow-editor-base\"\n\t\t\t\n\t\t>\n<div class=\"siteorigin-widget-tinymce textwidget\">\n\t<p dir=\"ltr\" style=\"text-align: center;\">(Izvirni \u010dlanek dr. Petra F. Mayerja je bil objavljen 22. novembra 2023 na avstrijskem <a href=\"https:\/\/tkp.at\/2023\/11\/22\/brief-der-europaeischen-zulassungsbehoerde-ema-entzieht-jeglicher-corona-impfpflicht-die-grundlage\/\">portalu TKP<\/a>.)<\/p>\n<p>&nbsp;<\/p>\n<p dir=\"ltr\">Skupina evropskih poslancev je od Evropske agencije za zdravila (EMA) zahtevala pojasnila o razli\u010dnih vidikih dovoljenja za promet za cepiva proti koronavirusom. Poleg strani, polnih izgovorov, pa je v odgovoru tudi jasna izjava, zaradi katere <strong>so argumenti za mno\u017ei\u010dno cepljenje splo\u0161ne populacije ali poklicnih skupin neutemeljeni.<\/strong><\/p>\n<p dir=\"ltr\">Odgovore na vrsto vpra\u0161anj so zahtevali poslanci Evropskega parlamenta Marcel de Graaff, Gilbert Collard, Francesca Donato, Joachim Kuhs, Mislav Kolaku\u0161i\u0107, Virginie Joron, Ivan Vilibor Sin\u010di\u0107 in Bernhard Zimniok. V dopisu z dne 18. oktobra 2023, ki ga je podpisal generalni direktor agencije EMA Emer Cooke, je vsaj eno pomembno pojasnilo. Odgovor na prvo vpra\u0161anje poslancev se glasi takole:<\/p>\n<p dir=\"ltr\"><strong>Dovoljena uporaba<\/strong><\/p>\n<p dir=\"ltr\"><em>\u00bbNa podlagi odobrenih indikacij za uporabo cepiv ugotavljate, da se \u00bbsmejo dajati le zaradi osebne za\u0161\u010dite in niso odobrena za prepre\u010devanje prenosa ali zmanj\u0161evanja \u0161tevila oku\u017eb (nadzor prenosa)\u00ab. Prav tako ugotavljate, da se odobrene indikacije ne ujemajo z\u00a0 uporabo, ki jih spodbujajo \u00bbfarmacevtska podjetja, politiki in zdravstveni strokovnjaki.\u00a0 <\/em><em>Dejansko imate prav, ko poudarjate, da cepiva proti covidu-19 niso odobrena za prepre\u010devanje prenosa oku\u017ebe z ene osebe na drugo. Namenjena so le za\u0161\u010diti cepljenih oseb. <\/em><em>V informacijah o izdelku je jasno navedeno, da so cepiva namenjena aktivni imunizaciji za prepre\u010devanje covida-19. Poleg tega je navedeno v poro\u010dilih\u00a0 o klini\u010dnih podatkih, na podlagi katerih je bilo izdano dovoljenje za promet s cepivi proti covidu-19, da podatki o za\u0161\u010diti pred prenosom oku\u017ebe niso na voljo. <\/em><em>EMA bo \u0161e naprej zagotavljala preglednost dovoljene uporabe cepiv proti covidu-19 in opredelila tista podro\u010dja, na katerih je potrebno odpraviti nejasnosti.\u00ab<\/em><\/p>\n<p dir=\"ltr\">Sme\u0161no je, da EMA zdaj, ko je bilo zavr\u017eenih in uni\u010denih na milijone odmerkov cepiva s prete\u010denim rokom uporabe, priznava to, kar so ugledni znanstveniki jasno povedali \u017ee leta 2020: mno\u017ei\u010dno cepljenje (v \u010dasu epidemije in s cepivi, ki ne za\u0161\u010ditijo pred oku\u017ebo, op. OZZ) ne more pripeljati do sterilne imunosti, ki lahko prepre\u010di oku\u017ebo in prenos na druge ljudi. Vendar je bila prav trditev o za\u0161\u010diti pred oku\u017ebo in prenosom edina utemeljitev za obvezno cepljenje v Avstriji in za obvezno poklicno cepljenje v \u0161tevilnih drugih dr\u017eavah &#8211; v zdravstvu, vojski, zdravstvenih ustanovah in podobno*. \u010ce bi EMA dejansko zagotovila \u00bbpreglednost\u00ab \u00bbodobrenih namenov uporabe cepiv proti covidu-19\u00ab in odpravila \u00bbnejasnosti\u00ab, potem ne bi nikoli pri\u0161lo do kakr\u0161ne koli oblike obveznega (ali mno\u017ei\u010dnega, op. OZZ) cepljenja.<\/p>\n<p dir=\"ltr\">* V Sloveniji ni bilo obveznega cepljenja proti covidu-19, saj je Ustavno sodi\u0161\u010de RS jeseni 2021 dolo\u010dilo, da je pogoj PC neustaven, zato je obveljal pogoj PCT. Vseeno pa so <strong>vodilni strokovnjaki prebivalce pozivali k mno\u017ei\u010dnemu cepljenju, s katerim naj bi dosegli \u010dredno imunost in s tem razbremenili zdravstveni sistem, \u010deprav za to ni bilo strokovne podlage.<\/strong><\/p>\n<\/div>\n<\/div><\/div><\/div><div id=\"panel-gb4424-69efa90e976b3-2-0-1\" class=\"so-panel widget widget_sow-image\" data-index=\"3\" ><div class=\"panel-widget-style panel-widget-style-for-gb4424-69efa90e976b3-2-0-1\" ><div\n\t\t\t\n\t\t\tclass=\"so-widget-sow-image so-widget-sow-image-default-c67d20f9f743-4424\"\n\t\t\t\n\t\t>\n<div class=\"sow-image-container\">\n\t\t<img \n\tsrc=\"https:\/\/odgovoren-za-zdravje.si\/wp-content\/uploads\/2023\/11\/Aktualno-EMA-pozivi-k-cepljenju.png\" width=\"2560\" height=\"600\" srcset=\"https:\/\/odgovoren-za-zdravje.si\/wp-content\/uploads\/2023\/11\/Aktualno-EMA-pozivi-k-cepljenju.png 2560w, https:\/\/odgovoren-za-zdravje.si\/wp-content\/uploads\/2023\/11\/Aktualno-EMA-pozivi-k-cepljenju-300x70.png 300w, https:\/\/odgovoren-za-zdravje.si\/wp-content\/uploads\/2023\/11\/Aktualno-EMA-pozivi-k-cepljenju-1024x240.png 1024w, https:\/\/odgovoren-za-zdravje.si\/wp-content\/uploads\/2023\/11\/Aktualno-EMA-pozivi-k-cepljenju-768x180.png 768w, https:\/\/odgovoren-za-zdravje.si\/wp-content\/uploads\/2023\/11\/Aktualno-EMA-pozivi-k-cepljenju-1536x360.png 1536w, https:\/\/odgovoren-za-zdravje.si\/wp-content\/uploads\/2023\/11\/Aktualno-EMA-pozivi-k-cepljenju-2048x480.png 2048w\" sizes=\"(max-width: 2560px) 100vw, 2560px\" title=\"Aktualno EMA &#8211; pozivi k cepljenju\" alt=\"\" \t\tclass=\"so-widget-image\"\/>\n\t<\/div>\n\n<\/div><\/div><\/div><div id=\"panel-gb4424-69efa90e976b3-2-0-2\" class=\"so-panel widget widget_sow-editor\" data-index=\"4\" ><div class=\"besedilo-strani panel-widget-style panel-widget-style-for-gb4424-69efa90e976b3-2-0-2\" ><div\n\t\t\t\n\t\t\tclass=\"so-widget-sow-editor so-widget-sow-editor-base\"\n\t\t\t\n\t\t>\n<div class=\"siteorigin-widget-tinymce textwidget\">\n\t<p dir=\"ltr\"><strong>Napa\u010dni odgovori ali izogibanje<\/strong><\/p>\n<p dir=\"ltr\">Druga pojasnila v pismu so \u0161e vedno napa\u010dna ali pa se odgovoru na vso mo\u010d izmikajo. Prvi\u010d, glede nepopolnih in \u00bbpo\u0161kodovanih\u00ab delov mRNA, je EMA odgovorila:<\/p>\n<p dir=\"ltr\"><em>\u00bb\u010ceprav je bilo v cepivu najdenih nekaj fragmentiranih mRNK, je Odbor za humano uporabo medicinskih pripomo\u010dkov (Committee for Medicinal Products for Human Use) 2020 sklenil, da \u00bbse predlagane specifikacije za celovitost RNK in 5\u2032-kapico \u0161tejejo za znanstveno utemeljene in sprejemljive. Kljub temu se \u0161teje, da so za potrditev ustreznosti teh specifikacij ob upo\u0161tevanju klini\u010dnih izku\u0161enj pomembni dodatni podatki za dokon\u010dno opredelitev zdravilne u\u010dinkovine in kon\u010dnega zdravila, te podatke pa je treba po odobritvi predlo\u017eiti kot posebne pogoje za pridobitev dovoljenja za promet.\u00ab<\/em><\/p>\n<p dir=\"ltr\">Dejansko so v dobavljenih pripravkih odkrili do 50 % takih fragmentov mRNK in druge, v\u010dasih obse\u017ene ne\u010disto\u010de. Trditev \u00bbnekaj\u00ab je preprosto napa\u010dna. Mo\u017eni u\u010dinki teh fragmentov na cepljeno osebo niso bili nikoli raziskani, zato ni bila nikoli izklju\u010dena velika \u0161koda za zdravje.<\/p>\n<p dir=\"ltr\"><strong>Uredba o genskem in\u017eeniringu<\/strong><\/p>\n<p dir=\"ltr\">TKP je 5. avgusta 2020 poro\u010dal o spremembi uredbe EU o genskem in\u017eeniringu (<a href=\"https:\/\/tkp.at\/2020\/08\/05\/eu-kippt-regelung-zum-schutz-vor-gentechnik-fuer-covid-impfstoff\/\" target=\"_blank\" rel=\"noopener\" data-saferedirecturl=\"https:\/\/www.google.com\/url?q=https:\/\/tkp.at\/2020\/08\/05\/eu-kippt-regelung-zum-schutz-vor-gentechnik-fuer-covid-impfstoff\/&amp;source=gmail&amp;ust=1701250625470000&amp;usg=AOvVaw28iMi9uSvnMajL_g6m0_B_\">https:\/\/tkp.at\/2020\/08\/05\/eu-<wbr \/>kippt-regelung-zum-schutz-vor-<wbr \/>gentechnik-fuer-covid-<wbr \/>impfstoff\/<\/a>). Parlament EU je novo uredbo odobril 10. julija, Svet ministrov pa 14. julija. Nova direktiva je za\u010dela veljati 17. julija. Nekoliko okoren naslov se glasi:<\/p>\n<p dir=\"ltr\"><em>\u00bbUREDBA EVROPSKEGA PARLAMENTA IN SVETA o izvajanju klini\u010dnih preskusov zdravil, ki vsebujejo gensko spremenjene organizme za zdravljenje ali prepre\u010devanje koronavirusne bolezni ali so iz njih sestavljeni (COVID-19), za uporabo v humani medicini in njihovi dobavi\u00ab<\/em><\/p>\n<p dir=\"ltr\">Uredba nadaljuje:<\/p>\n<p dir=\"ltr\"><em> \u00bbZaradi izrednih zdravstvenih razmer brez primere, ki jih je povzro\u010dila pandemija covida-19, je potrebno dati prednost varovanju javnega zdravja. Zato je treba odobriti za\u010dasno izjemo od zahtev za predhodno oceno tveganja &#8230; za \u010das trajanja pandemije covida-19 ali dokler bo covid-19 predstavljal izredno nevarnost za javno zdravje. Izjema bi morala upo\u0161tevati omejeno klini\u010dno preizku\u0161anje\u00a0 testnih vzorcev za zdravljenje ali prepre\u010devanje covida-19, ki vsebujejo GSO ali so sestavljeni iz GSO. Dokler se uporablja za\u010dasna ureditev v izrednih okoli\u0161\u010dinah, ocena tveganja za okolje &#8230; ne bi smela biti predpogoj za izvajanje teh klini\u010dnih presku\u0161anj.\u00ab<\/em><\/p>\n<p dir=\"ltr\">Agencija EMA v svojem odgovoru nasprotuje vsemu, kar je bilo objavljeno poleti 2020:<\/p>\n<p dir=\"ltr\"><em>\u00bbNajprej je treba pojasniti, da se cepiva z mRNK ne \u0161tejejo za gensko spremenjene organizme. Predvidevamo, da je bila uredba namenjena drugim cepivom, kot so cepiva, ki vsebujejo \u00bboslabljene viruse ali \u017eive vektorje, ki lahko veljajo za GSO\u00ab.<\/em><\/p>\n<p dir=\"ltr\">To preprosto ni res. Seveda so bile beljakovine bodic, t. im. spike proteini, gensko spremenjeni, da so dobili \u017eelene lastnosti. Deli beljakovin so bili genetsko izrezani in vstavljen je bil, na primer, psevdouridin.<\/p>\n<p dir=\"ltr\">Pismo se nadaljuje v tem smislu. Varnost je zagotovljena, u\u010dinkovitost se zmanj\u0161a, vendar zato obstajajo po\u017eivitveni odmerki in prilagojeni pripravki. Ne\u017eelenih u\u010dinkov ni bilo mogo\u010de pripisati kar cepljenju, ampak ga je bilo treba skrbno raziskati, cepljenih pa je bilo veliko ljudi. Generalna direktorica agencije EMA Emer Cooke je bila prej generalna direktorica farmacevtske lobisti\u010dne skupine EU, zato odgovori ne presene\u010dajo.<\/p>\n<p dir=\"ltr\">Povezava do izvirnika odgovora Evropske agencije za zdravila:<\/p>\n<p dir=\"ltr\"><a href=\"https:\/\/tkp.at\/wp-content\/uploads\/2023\/11\/2023_10_18_Letter_to_MEP_Marcel_de_Graaff_Request_for_the_direct.pdf\" target=\"_blank\" rel=\"noopener\" data-saferedirecturl=\"https:\/\/www.google.com\/url?q=https:\/\/tkp.at\/wp-content\/uploads\/2023\/11\/2023_10_18_Letter_to_MEP_Marcel_de_Graaff_Request_for_the_direct.pdf&amp;source=gmail&amp;ust=1701250625470000&amp;usg=AOvVaw17PHIs4_tFcE7Y2G_UlaaL\">https:\/\/tkp.at\/wp-content\/<wbr \/>uploads\/2023\/11\/2023_10_18_<wbr \/>Letter_to_MEP_Marcel_de_<wbr \/>Graaff_Request_for_the_direct.<wbr \/>pdf<\/a><\/p>\n<p dir=\"ltr\">\n<\/div>\n<\/div><\/div><\/div><div id=\"panel-gb4424-69efa90e976b3-2-0-3\" class=\"so-panel widget widget_sow-editor\" data-index=\"5\" ><div class=\"besedilo-strani panel-widget-style panel-widget-style-for-gb4424-69efa90e976b3-2-0-3\" ><div\n\t\t\t\n\t\t\tclass=\"so-widget-sow-editor so-widget-sow-editor-base\"\n\t\t\t\n\t\t>\n<div class=\"siteorigin-widget-tinymce textwidget\">\n\t<hr \/>\n<p>December 2023<\/p>\n<h5><strong>Dr. Vladimir Pirnat: Javno pismo zdravni\u0161ki zbornici<\/strong><\/h5>\n<p>Spo\u0161tovani,<\/p>\n<p>Predsednica slovenske zdravni\u0161ke zbornice ZZS prof.dr. Bojana Beovi\u010d, dr.med. je s priporo\u010dili, navodili in dejanji zavajala zdravnice, zdravnike in slovensko javnost:<\/p>\n<ul>\n<li>priporo\u010dala, da naj se zoper Covid-19 cepi \u010dim ve\u010d ljudi, da obvarujemo ranljive in bli\u017enje osebe,<\/li>\n<li>zatrjevala, da so eksperimentalna cepiva zoper Covid-19 u\u010dinkovita in varna,<\/li>\n<li>ni zahevala\/zagotovila, da cepilci pred cepljenjem podrobno razlo\u017eijo vsaki osebi individualno korist in potenciano nevarnost bolezni Covid-19 in eksperimentalnih cepiv zoper to bolezen,<\/li>\n<li>ni zahtevala\/zagotovila, da naj zdravnice in zdravniki pozorno spremljajo cepljene osebe in vsako nepojasnjeno ali nepri\u010dakovano poslab\u0161anje zdravja in smrt nemudoma sporo\u010dijo NIJZ kot mo\u017eno posledico eksperimentalnega cepiva zoper Covid-19.<\/li>\n<li>S spo\u0161tovanjem,<\/li>\n<\/ul>\n<p>mag. Vladimir Pirnat, dr.med.<\/p>\n<p><span style=\"font-size: medium;\"><em><span style=\"color: #000000;\"><span style=\"font-family: Arial, serif;\"><span style=\"font-size: small;\"><span lang=\"sl-SI\">PRILOGA:<\/span><\/span><\/span><\/span><\/em><\/span><\/p>\n<ul>\n<li><span style=\"font-size: medium;\"><em><span style=\"color: #000000;\"><span style=\"font-family: Arial, serif;\"><span style=\"font-size: small;\"><span lang=\"sl-SI\">Poro\u010dilo poslancev v EU parlamentu o uradnih odgovorih Evropske medicinske agencije EMA glede dovoljenj za uporabo cepiv zoper Covid-19.<\/span><\/span><\/span><\/span><\/em><\/span><\/li>\n<li><span style=\"font-size: medium;\"><em><span style=\"color: #000000;\"><span style=\"font-family: Arial, serif;\"><span style=\"font-size: small;\"><span lang=\"sl-SI\">EMA je podelila cepivom zoper Covid-19 pogojna dovoljenja, le za individualno rabo\/za\u0161\u010dito, ker ni bilo dokazano, da cepiva zoper Covid-19 prepre\u010dijo prenos oku\u017ebe\/bolezni. <\/span><\/span><\/span><\/span><\/em><\/span><\/li>\n<li><span style=\"font-size: medium;\"><em><span style=\"color: #000000;\"><span style=\"font-family: Arial, serif;\"><span style=\"font-size: small;\"><span lang=\"sl-SI\">EMA ni dala cepivom zoper Covid-19 dovoljenja za mno\u017ei\u010dno uporabo (da bi cepljeni \u0161\u010ditili pred oku\u017ebo in boleznijo ranljive in bli\u017enje osebe). <\/span><\/span><\/span><\/span><\/em><\/span><\/li>\n<li><span style=\"font-size: medium;\"><em><span style=\"color: #000000;\"><span style=\"font-family: Arial, serif;\"><span style=\"font-size: small;\"><span lang=\"sl-SI\">EMA je priporo\u010dila\/zahtevala, da cepilci pred cepljenjem vsakogar seznanijo z mo\u017enimi poznanimi in nepoznanimi \u0161kodljivimi posledicami eksperimentalnih cepiv zoper Covid-19 ter zanj objektivnim rizikom te\u017ejega poteka ali smrti zaradi necepljenja oz.oku\u017ebe z virusom SARS CoV-19.<\/span><\/span><\/span><\/span><\/em><\/span><\/li>\n<li><span style=\"font-size: medium;\"><em><span style=\"color: #000000;\"><span style=\"font-family: Arial, serif;\"><span style=\"font-size: small;\"><span lang=\"sl-SI\">EMA je priporo\u010dila\/zahtevala, da cepilci bele\u017eijo in nemudoma prijavijo vse takoj\u0161nje in kasne nepojasnjene oz. nepri\u010dakovane zdravstvene te\u017eave pri cepljenih zoper Covid-19. <\/span><\/span><\/span><\/span><\/em><\/span><\/li>\n<\/ul>\n<p><strong>Hkrati je Javni agenciji Republike Slovenije za zdravila in medicinske pripomo\u010dke (JAZMP)\u00a0zastavil naslednji vpra\u0161anji:<\/strong><\/p>\n<ul>\n<li>Ali so vsa uradna dovoljenja\/indikacije za vsa cepiva zoper Covid 19 za uporabo v Sloveniji ves \u010das popolnoma identi\u010dna z uporabnimi dovoljenji, ki jih je tem cepivom podelila Evropska medicinska agencija EMA?<\/li>\n<li>Ali so kak\u0161na druga uradna dovoljenja JAZMP za uporabo cepiv zoper Covid-19 v Sloveniji \u010dlanom slovenske Strokovne skupine za Covid-19, NIJZ in Ministrstvu za zdravje vsebovala strokovno ali pravno podlago za njihova uradna stali\u0161\u010da, nasvete in napotke \u201cnaj (se) cepimo tudi zaradi solidarnosti,\u00a0 da za\u0161\u010ditimo pred oku\u017ebo\/boleznijo Covid-19 druge ljudi\u201d?<\/li>\n<\/ul>\n<\/div>\n<\/div><\/div><\/div><div id=\"panel-gb4424-69efa90e976b3-2-0-4\" class=\"so-panel widget widget_sow-editor panel-last-child\" data-index=\"6\" ><div class=\"besedilo-strani panel-widget-style panel-widget-style-for-gb4424-69efa90e976b3-2-0-4\" ><div\n\t\t\t\n\t\t\tclass=\"so-widget-sow-editor so-widget-sow-editor-base\"\n\t\t\t\n\t\t>\n<div class=\"siteorigin-widget-tinymce textwidget\">\n\t<hr \/>\n<p dir=\"ltr\"><img loading=\"lazy\" decoding=\"async\" class=\"wp-image-4225 alignleft\" src=\"https:\/\/odgovoren-za-zdravje.si\/wp-content\/uploads\/2023\/11\/Priporoceni-kanali-Trigav-Media.png\" alt=\"\" width=\"153\" height=\"61\" \/>Preberi tudi: <a href=\"https:\/\/triglavmedia.si\/novice\/politika\/340-udarna-novica-o-eksperimentalnih-cov-19-injekcijah\"><strong>Udarna novica o eksperimentalnih Cov-19 injekcijah<\/strong><\/a><\/p>\n<p dir=\"ltr\"><span style=\"font-size: medium;\"><em><span style=\"color: #000000;\"><span style=\"font-family: Arial, serif;\"><span style=\"font-size: small;\"><span lang=\"sl-SI\">To pismo je Evropska agencija za zdravila EMA poslala kot odgovor na zahtevo skupine evropskih poslancev za takoj\u0161njo prekinitev dovoljenj za cepiva proti Covid-19.<\/span><\/span><\/span><\/span><\/em><\/span><\/p>\n<hr \/>\n<p dir=\"ltr\">\n<\/div>\n<\/div><\/div><\/div><\/div><\/div><\/div>","protected":false},"excerpt":{"rendered":"<p>Argumenti za mno\u017ei\u010dno cepljenje splo\u0161ne populacije ali poklicnih skupin so bili neutemeljeni. Cepivo je bilo odobreno le za lastno za\u0161\u010dito in ne za za\u0161\u010dito drugih. (22.11.2023)<\/p>\n","protected":false},"author":3,"featured_media":4435,"comment_status":"open","ping_status":"closed","sticky":false,"template":"","format":"standard","meta":{"footnotes":""},"categories":[24],"tags":[],"class_list":["post-4424","post","type-post","status-publish","format-standard","has-post-thumbnail","hentry","category-cepljenje"],"_links":{"self":[{"href":"https:\/\/odgovoren-za-zdravje.si\/index.php?rest_route=\/wp\/v2\/posts\/4424","targetHints":{"allow":["GET"]}}],"collection":[{"href":"https:\/\/odgovoren-za-zdravje.si\/index.php?rest_route=\/wp\/v2\/posts"}],"about":[{"href":"https:\/\/odgovoren-za-zdravje.si\/index.php?rest_route=\/wp\/v2\/types\/post"}],"author":[{"embeddable":true,"href":"https:\/\/odgovoren-za-zdravje.si\/index.php?rest_route=\/wp\/v2\/users\/3"}],"replies":[{"embeddable":true,"href":"https:\/\/odgovoren-za-zdravje.si\/index.php?rest_route=%2Fwp%2Fv2%2Fcomments&post=4424"}],"version-history":[{"count":18,"href":"https:\/\/odgovoren-za-zdravje.si\/index.php?rest_route=\/wp\/v2\/posts\/4424\/revisions"}],"predecessor-version":[{"id":6567,"href":"https:\/\/odgovoren-za-zdravje.si\/index.php?rest_route=\/wp\/v2\/posts\/4424\/revisions\/6567"}],"wp:featuredmedia":[{"embeddable":true,"href":"https:\/\/odgovoren-za-zdravje.si\/index.php?rest_route=\/wp\/v2\/media\/4435"}],"wp:attachment":[{"href":"https:\/\/odgovoren-za-zdravje.si\/index.php?rest_route=%2Fwp%2Fv2%2Fmedia&parent=4424"}],"wp:term":[{"taxonomy":"category","embeddable":true,"href":"https:\/\/odgovoren-za-zdravje.si\/index.php?rest_route=%2Fwp%2Fv2%2Fcategories&post=4424"},{"taxonomy":"post_tag","embeddable":true,"href":"https:\/\/odgovoren-za-zdravje.si\/index.php?rest_route=%2Fwp%2Fv2%2Ftags&post=4424"}],"curies":[{"name":"wp","href":"https:\/\/api.w.org\/{rel}","templated":true}]}}