{"id":10813,"date":"2024-06-11T06:25:50","date_gmt":"2024-06-11T06:25:50","guid":{"rendered":"https:\/\/odgovoren-za-zdravje.si\/?p=10813"},"modified":"2024-06-11T06:43:56","modified_gmt":"2024-06-11T06:43:56","slug":"urska-klakocar-zupancic-izrazila-podporo-zahtevi-za-analizo","status":"publish","type":"post","link":"https:\/\/odgovoren-za-zdravje.si\/?p=10813","title":{"rendered":"Ur\u0161ka Klako\u010dar Zupan\u010di\u010d izrazila podporo in ponudila pomo\u010d pri Zahtevi za analizo cepljenja"},"content":{"rendered":"<div id=\"pl-gb10813-69ef6fdf59e08\"  class=\"panel-layout panel-layout\" ><div id=\"pg-gb10813-69ef6fdf59e08-0\"  class=\"panel-grid panel-has-style\" ><div class=\"siteorigin-panels-stretch panel-row-style panel-row-style-for-gb10813-69ef6fdf59e08-0\" data-stretch-type=\"full-width-stretch\" ><div id=\"pgc-gb10813-69ef6fdf59e08-0-0\"  class=\"panel-grid-cell\" ><div id=\"panel-gb10813-69ef6fdf59e08-0-0-0\" class=\"so-panel widget widget_sow-image panel-first-child panel-last-child\" data-index=\"0\" ><div\n\t\t\t\n\t\t\tclass=\"so-widget-sow-image so-widget-sow-image-default-8b5b6f678277-10813\"\n\t\t\t\n\t\t>\n<div class=\"sow-image-container\">\n\t\t<img \n\tsrc=\"https:\/\/odgovoren-za-zdravje.si\/wp-content\/uploads\/2024\/06\/Protokolarno-srecanje-naslovna-slika.png\" width=\"2560\" height=\"600\" srcset=\"https:\/\/odgovoren-za-zdravje.si\/wp-content\/uploads\/2024\/06\/Protokolarno-srecanje-naslovna-slika.png 2560w, https:\/\/odgovoren-za-zdravje.si\/wp-content\/uploads\/2024\/06\/Protokolarno-srecanje-naslovna-slika-300x70.png 300w, https:\/\/odgovoren-za-zdravje.si\/wp-content\/uploads\/2024\/06\/Protokolarno-srecanje-naslovna-slika-1024x240.png 1024w, https:\/\/odgovoren-za-zdravje.si\/wp-content\/uploads\/2024\/06\/Protokolarno-srecanje-naslovna-slika-768x180.png 768w, https:\/\/odgovoren-za-zdravje.si\/wp-content\/uploads\/2024\/06\/Protokolarno-srecanje-naslovna-slika-1536x360.png 1536w, https:\/\/odgovoren-za-zdravje.si\/wp-content\/uploads\/2024\/06\/Protokolarno-srecanje-naslovna-slika-2048x480.png 2048w\" sizes=\"(max-width: 2560px) 100vw, 2560px\" alt=\"\" \t\tclass=\"so-widget-image\"\/>\n\t<\/div>\n\n<\/div><\/div><\/div><\/div><\/div><div id=\"pg-gb10813-69ef6fdf59e08-1\"  class=\"panel-grid panel-no-style\" ><div id=\"pgc-gb10813-69ef6fdf59e08-1-0\"  class=\"panel-grid-cell\" ><div id=\"panel-gb10813-69ef6fdf59e08-1-0-0\" class=\"so-panel widget widget_sow-button panel-first-child panel-last-child\" data-index=\"1\" ><div\n\t\t\t\n\t\t\tclass=\"so-widget-sow-button so-widget-sow-button-wire-fe7214ff1179-10813\"\n\t\t\t\n\t\t><div class=\"ow-button-base ow-button-align-center\"\n>\n\t\t\t<a\n\t\t\t\t\thref=\"https:\/\/odgovoren-za-zdravje.si\/aktualno\/\"\n\t\t\t\t\tclass=\"sowb-button ow-icon-placement-left ow-button-hover\" \t>\n\t\t<span>\n\t\t\t\n\t\t\tAKTUALNO\t\t<\/span>\n\t\t\t<\/a>\n\t<\/div>\n<\/div><\/div><\/div><div id=\"pgc-gb10813-69ef6fdf59e08-1-1\"  class=\"panel-grid-cell panel-grid-cell-empty\" ><\/div><div id=\"pgc-gb10813-69ef6fdf59e08-1-2\"  class=\"panel-grid-cell panel-grid-cell-empty\" ><\/div><div id=\"pgc-gb10813-69ef6fdf59e08-1-3\"  class=\"panel-grid-cell panel-grid-cell-empty\" ><\/div><div id=\"pgc-gb10813-69ef6fdf59e08-1-4\"  class=\"panel-grid-cell panel-grid-cell-empty\" ><\/div><div id=\"pgc-gb10813-69ef6fdf59e08-1-5\"  class=\"panel-grid-cell panel-grid-cell-empty panel-grid-cell-mobile-last\" ><\/div><div id=\"pgc-gb10813-69ef6fdf59e08-1-6\"  class=\"panel-grid-cell panel-grid-cell-empty\" ><\/div><\/div><div id=\"pg-gb10813-69ef6fdf59e08-2\"  class=\"panel-grid panel-no-style\" ><div id=\"pgc-gb10813-69ef6fdf59e08-2-0\"  class=\"panel-grid-cell panel-grid-cell-empty\" ><\/div><div id=\"pgc-gb10813-69ef6fdf59e08-2-1\"  class=\"panel-grid-cell panel-grid-cell-mobile-last\" ><div id=\"panel-gb10813-69ef6fdf59e08-2-1-0\" class=\"so-panel widget widget_themegrill_flash_heading tg-widget section-title-wrapper panel-first-child panel-last-child\" data-index=\"2\" >\t<h3 class=\"section-title\">Ur\u0161ka Klako\u010dar Zupan\u010di\u010d izrazila podporo in ponudila pomo\u010d pri Zahtevi za analizo cepljenja<\/h3>\n<\/div><\/div><div id=\"pgc-gb10813-69ef6fdf59e08-2-2\"  class=\"panel-grid-cell panel-grid-cell-empty\" ><\/div><\/div><div id=\"pg-gb10813-69ef6fdf59e08-3\"  class=\"panel-grid panel-no-style\" ><div id=\"pgc-gb10813-69ef6fdf59e08-3-0\"  class=\"panel-grid-cell panel-grid-cell-empty\" ><\/div><div id=\"pgc-gb10813-69ef6fdf59e08-3-1\"  class=\"panel-grid-cell panel-grid-cell-mobile-last\" ><div id=\"panel-gb10813-69ef6fdf59e08-3-1-0\" class=\"so-panel widget widget_sow-editor panel-first-child panel-last-child\" data-index=\"3\" ><div class=\"besedilo-strani panel-widget-style panel-widget-style-for-gb10813-69ef6fdf59e08-3-1-0\" ><div\n\t\t\t\n\t\t\tclass=\"so-widget-sow-editor so-widget-sow-editor-base\"\n\t\t\t\n\t\t>\n<div class=\"siteorigin-widget-tinymce textwidget\">\n\t<p dir=\"auto\" style=\"text-align: center;\"><strong>\u010cas je, da jo spomnimo na njeno obljubo!<\/strong><\/p>\n<p dir=\"auto\" style=\"text-align: left;\">&#8221;Predsednica Dr\u017eavnega zbora je izrazila naklonjenost do razprave, v kateri bi lahko razli\u010dni strokovnjaki ter druge osebe, ki bi lahko dale koristne informacije, soo\u010dili mnenja in stali\u0161\u010da ter predstavili analize in morebitne statisti\u010dne podatke o zdravstvenem stanju ljudi pred in po covidu, saj meni, da bi bila transparentna predstavitev razli\u010dnih mnenj in argumentov vsekakor dobrodo\u0161la.&#8221; (<a class=\"__mPS2id\" href=\"https:\/\/www.dz-rs.si\/wps\/portal\/Home\/is\/sporocilaZaJavnost\/sporociloZaJavnost\/c2cca2e2-df7e-49dc-be57-2167ca30640f\/!ut\/p\/z1\/tVLBcoIwFPwVLh6ZF0BBj2IdFauOWIrk0olJ0FhJEJFWv76x7UxnnCnaQ3NLsvv27b4HGJaAJanEmpRCSbLT9wS7L_40bI3GAwu1Q89Cc2c0dR-HlmW3EcSfAPTL6SLA-jvojLvBhY8cv4fmD08zt98JLTT1vvk1Ari-_Be_RgDXl38GDDingkFCbUqJzW2TpR43mx1GzRVveaZtuR4lDnKbKL2gqSzzcgMJOxtM0WPGZXlooIwzsRUNxIjkB6MyWHEmleSZcV6p4qjf1VqxVw24SybRtryfvgeB39R9zyZ-6IXWwnJgAUnfh6SKU7rvXsOvbToQV4K_QSRVkempLv5oeogguBWk3hSx3e9xVwekZMnfS1j-Z0Jazy4mvclaOyHlxhQyVbC8ixrfCjfPoijK2k4rN5Ogejs5u-r0AYbJxl0!\/dz\/d5\/L3dHQSEvUUtRZy9nQSEh\/#Z7_BNR5IKG10GJB40Q3OMBR7R1S13\">protokolarno sre\u010danje, januar 2023)\u00a0<\/a><\/p>\n<p dir=\"auto\"><strong>Ur\u0161ka K. Zupan\u010di\u010d nam je obljubila, da se bo odlo\u010dno zavzela za razpravo in za to, da pristojni organi izvedejo analizo zdravstvenega stanja glede na status cepljenja proti Covidu-19. \u010ce se pristojni ne bi odzvali, je obljubila, da bo problematiko naslovila javno.\u00a0<\/strong><\/p>\n<p dir=\"auto\">Od Ur\u0161ke Klako\u010dar Zupan\u010di\u010d sedaj zahtevamo oz. pri\u010dakujemo, da bo dr\u017eala svojo besedo. Celotno komunikacijo z njo si lahko preberete <a href=\"https:\/\/odgovoren-za-zdravje.si\/wp-content\/uploads\/2024\/06\/Zahteva-za-analizo-Urska-Klakocar-Zupancic.pdf\">tukaj<\/a>. <strong>Pi\u0161i ji tudi ti!<\/strong><\/p>\n<p dir=\"auto\">Zahtevo za analizo s svojim podpisom lahko podpre\u0161 <a href=\"https:\/\/odgovoren-za-zdravje.si\/zahteva-za-analizo\/\">tukaj<\/a>.<\/p>\n<hr \/>\n<p dir=\"auto\"><strong><a href=\"https:\/\/odgovoren-za-zdravje.si\/wp-content\/uploads\/2024\/06\/Protokolarno-srecanje-2-scaled.jpg\"><img loading=\"lazy\" decoding=\"async\" class=\"alignleft wp-image-10819\" src=\"https:\/\/odgovoren-za-zdravje.si\/wp-content\/uploads\/2024\/06\/Protokolarno-srecanje-2-1024x683.jpg\" alt=\"\" width=\"412\" height=\"275\" \/><\/a>Vera Kanalec<\/strong>, predstavnica Dru\u0161tva za zdrave dojke, in <strong>Maja Zakotnik<\/strong>, predstavnica skupine Odgovoren za zdravje (OZZ), sta bili januarja 2023 povabljeni na protokolarno sre\u010danje s predsednico dr\u017eavnega zbora Ur\u0161ko Klako\u010dar Zupan\u010di\u010d.<\/p>\n<p dir=\"auto\">Predsednica je bila seznanjena s problematiko poslab\u0161anja zdravstvenega stanja v Sloveniji, ki se je za\u010delo drasti\u010dno poslab\u0161evati leta 2021, ko se je za\u010delo cepljenje proti Covidu-19. Seznanjena je bila s kr\u0161itvami varnostnih protokol pri izvedbi cepljenja in z z izogibanjem pristojnih, da bi opravili analizo varnosti in u\u010dinkovitosti cepljenja na podlagi podatkov iz Slovenije.<\/p>\n<p dir=\"auto\">Zaupala nam je, da se je sama cepila zaradi pritiskov dru\u017ebe in vseh omejitev, \u010deprav je imela velike pomisleke, in izrazila zaskrbljenost nad porastom zdravstvenih te\u017eav in smrti ter morebitni povezavi teh te\u017eav s cepljenjem. Nesprejemljivo se ji zdi, da pristojni kljub vsem pozivom in zaskrbljujo\u010dim podatkom ne opravijo analiz. Zato nam je obljubila, da se bo odlo\u010dno zavzela za razpravo in za to, da pristojni organi izvedejo analizo zdravstvenega stanja glede na status cepljenja proti Covidu-19. \u010ce se pristojni ne bi odzvali, je obljubila, da bo problematiko naslovila javno.<\/p>\n<p dir=\"auto\"><strong>Odgovorila nam je tudi, da se zaveda nevarnosti in dejstva, da bo soo\u010dena z mo\u010dnim odporom, a je zatrdila, da se tega ne boji.<\/strong><\/p>\n<p dir=\"auto\">Nacionalni in\u0161titut za javno zdravje (NIJZ) je do takrat prejel \u017ee mnogo pobud javnosti za analizo cepljenja oz. primerjavo zdravstvenega stanja med cepljenimi in necepljenimi, ki so jih ignorirali. Marca 2023 in marca 2024 smo na NIJZ zahtevo za analizo podali tudi v skupini \u2018Odgovoren za zdravje\u2019.<\/p>\n<p dir=\"auto\"><strong>Ker se ni zgodilo ni\u010d in se brez mo\u010dne podpore javnosti tudi ne bo, smo pripravili spletno stran s<\/strong> <strong>peticijo v podporo vsem zahtevam za analizo ukrepov,<\/strong> ter kampanjo Drugo mnenje, ki v skupnih zahtevah zdru\u017euje \u0161tevilne posameznike, gibanja in skupine.\u00a0Tako Zahtevo kot tudi vso uradno komunikacijo pristojnim po\u0161iljamo v imenu skupine OZZ in vseh podpisnikov zahteve.<\/p>\n<h4 dir=\"auto\"><\/h4>\n<h4 dir=\"auto\"><strong>Podpri zahtevo s svojim podpisom in jo deli \u010dim \u0161ir\u0161e:<\/strong><\/h4>\n<\/div>\n<\/div><\/div><\/div><\/div><div id=\"pgc-gb10813-69ef6fdf59e08-3-2\"  class=\"panel-grid-cell panel-grid-cell-empty\" ><\/div><\/div><div id=\"pg-gb10813-69ef6fdf59e08-4\"  class=\"panel-grid panel-has-style\" ><div class=\"so-rounded panel-row-style panel-row-style-for-gb10813-69ef6fdf59e08-4\" ><div id=\"pgc-gb10813-69ef6fdf59e08-4-0\"  class=\"panel-grid-cell\" ><div id=\"panel-gb10813-69ef6fdf59e08-4-0-0\" class=\"so-panel widget widget_sow-image panel-first-child panel-last-child\" data-index=\"4\" ><div\n\t\t\t\n\t\t\tclass=\"so-widget-sow-image so-widget-sow-image-default-c67d20f9f743-10813\"\n\t\t\t\n\t\t>\n<div class=\"sow-image-container\">\n\t\t<img \n\tsrc=\"https:\/\/odgovoren-za-zdravje.si\/wp-content\/uploads\/2024\/01\/Zahteva-za-analizo-in-soocenje-slika-5.png\" width=\"970\" height=\"599\" srcset=\"https:\/\/odgovoren-za-zdravje.si\/wp-content\/uploads\/2024\/01\/Zahteva-za-analizo-in-soocenje-slika-5.png 970w, https:\/\/odgovoren-za-zdravje.si\/wp-content\/uploads\/2024\/01\/Zahteva-za-analizo-in-soocenje-slika-5-300x185.png 300w, https:\/\/odgovoren-za-zdravje.si\/wp-content\/uploads\/2024\/01\/Zahteva-za-analizo-in-soocenje-slika-5-768x474.png 768w\" sizes=\"(max-width: 970px) 100vw, 970px\" alt=\"\" \t\tclass=\"so-widget-image\"\/>\n\t<\/div>\n\n<\/div><\/div><\/div><div id=\"pgc-gb10813-69ef6fdf59e08-4-1\"  class=\"panel-grid-cell\" ><div id=\"panel-gb10813-69ef6fdf59e08-4-1-0\" class=\"so-panel widget widget_sow-editor panel-first-child\" data-index=\"5\" ><div class=\"panel-widget-style panel-widget-style-for-gb10813-69ef6fdf59e08-4-1-0\" ><div\n\t\t\t\n\t\t\tclass=\"so-widget-sow-editor so-widget-sow-editor-base\"\n\t\t\t\n\t\t>\n<div class=\"siteorigin-widget-tinymce textwidget\">\n\t<h4>ZAHTEVA ZA ANALIZO IN SOO\u010cENJE Z DRUGIM MNENJEM<\/h4>\n<p><strong>Zakaj se je poslab\u0161alo javno zdravje v 2021 in 2022?<\/strong> Zahtevamo analizo varnosti in u\u010dinkovitosti kovid cepiv s primerjavo zdravstvenega stanja in smrti med cepljeno in necepljeno populacijo, analizo odziva na epidemijo, sodelovanje z drugim mnenjem stroke ter prevzem odgovornosti in sanacijo povzro\u010dene \u0161kode.<\/p>\n<div id=\"panel-w65a2b95f860f5-0-1-0\" class=\"so-panel widget widget_sow-editor panel-first-child\" data-index=\"1\">\n<div class=\"panel-widget-style panel-widget-style-for-w65a2b95f860f5-0-1-0\">\n<div class=\"so-widget-sow-editor so-widget-sow-editor-base\">\n<div class=\"siteorigin-widget-tinymce textwidget\">\n<div id=\"panel-w658da9000cb5f-0-0-1\" class=\"so-panel widget widget_sow-editor\" data-index=\"1\">\n<div class=\"panel-widget-style panel-widget-style-for-w658da9000cb5f-0-0-1\">\n<div class=\"so-widget-sow-editor so-widget-sow-editor-base\"><\/div>\n<\/div>\n<\/div>\n<\/div>\n<\/div>\n<\/div>\n<\/div>\n<div id=\"panel-w65a2b95f860f5-0-1-1\" class=\"so-panel widget widget_sow-editor panel-last-child\" data-index=\"2\">\n<div class=\"so-widget-sow-editor so-widget-sow-editor-base\"><\/div>\n<\/div>\n<\/div>\n<\/div><\/div><\/div><div id=\"panel-gb10813-69ef6fdf59e08-4-1-1\" class=\"so-panel widget widget_sow-button panel-last-child\" data-index=\"6\" ><div\n\t\t\t\n\t\t\tclass=\"so-widget-sow-button so-widget-sow-button-atom-2433a4f7bdd9-10813\"\n\t\t\t\n\t\t><div class=\"ow-button-base ow-button-align-left\"\n>\n\t\t\t<a\n\t\t\t\t\thref=\"https:\/\/odgovoren-za-zdravje.si\/zahteva-za-analizo\/\"\n\t\t\t\t\tclass=\"sowb-button ow-icon-placement-left ow-button-hover\" \t>\n\t\t<span>\n\t\t\t\n\t\t\tPODPI\u0160I ZAHTEVO\t\t<\/span>\n\t\t\t<\/a>\n\t<\/div>\n<\/div><\/div><\/div><\/div><\/div><\/div>","protected":false},"excerpt":{"rendered":"<p>\u010cas je, da jo spomnimo na njeno obljubo: \u2018\u2019Razprava, v kateri bi lahko razli\u010dni strokovnjaki ter druge osebe, ki bi lahko dale koristne informacije, soo\u010dili mnenja in stali\u0161\u010da ter predstavili analize in morebitne statisti\u010dne podatke o zdravstvenem stanju ljudi pred in po covidu, bi bila vsekakor dobrodo\u0161la.\u2019\u2019<\/p>\n","protected":false},"author":2,"featured_media":10816,"comment_status":"open","ping_status":"closed","sticky":false,"template":"","format":"standard","meta":{"footnotes":""},"categories":[24,45],"tags":[],"class_list":["post-10813","post","type-post","status-publish","format-standard","has-post-thumbnail","hentry","category-cepljenje","category-zahteva"],"_links":{"self":[{"href":"https:\/\/odgovoren-za-zdravje.si\/index.php?rest_route=\/wp\/v2\/posts\/10813","targetHints":{"allow":["GET"]}}],"collection":[{"href":"https:\/\/odgovoren-za-zdravje.si\/index.php?rest_route=\/wp\/v2\/posts"}],"about":[{"href":"https:\/\/odgovoren-za-zdravje.si\/index.php?rest_route=\/wp\/v2\/types\/post"}],"author":[{"embeddable":true,"href":"https:\/\/odgovoren-za-zdravje.si\/index.php?rest_route=\/wp\/v2\/users\/2"}],"replies":[{"embeddable":true,"href":"https:\/\/odgovoren-za-zdravje.si\/index.php?rest_route=%2Fwp%2Fv2%2Fcomments&post=10813"}],"version-history":[{"count":17,"href":"https:\/\/odgovoren-za-zdravje.si\/index.php?rest_route=\/wp\/v2\/posts\/10813\/revisions"}],"predecessor-version":[{"id":11071,"href":"https:\/\/odgovoren-za-zdravje.si\/index.php?rest_route=\/wp\/v2\/posts\/10813\/revisions\/11071"}],"wp:featuredmedia":[{"embeddable":true,"href":"https:\/\/odgovoren-za-zdravje.si\/index.php?rest_route=\/wp\/v2\/media\/10816"}],"wp:attachment":[{"href":"https:\/\/odgovoren-za-zdravje.si\/index.php?rest_route=%2Fwp%2Fv2%2Fmedia&parent=10813"}],"wp:term":[{"taxonomy":"category","embeddable":true,"href":"https:\/\/odgovoren-za-zdravje.si\/index.php?rest_route=%2Fwp%2Fv2%2Fcategories&post=10813"},{"taxonomy":"post_tag","embeddable":true,"href":"https:\/\/odgovoren-za-zdravje.si\/index.php?rest_route=%2Fwp%2Fv2%2Ftags&post=10813"}],"curies":[{"name":"wp","href":"https:\/\/api.w.org\/{rel}","templated":true}]}}