{"id":10335,"date":"2024-06-27T06:00:33","date_gmt":"2024-06-27T06:00:33","guid":{"rendered":"https:\/\/odgovoren-za-zdravje.si\/?p=10335"},"modified":"2025-06-09T18:34:14","modified_gmt":"2025-06-09T18:34:14","slug":"porocilo-o-stanju-zahteve","status":"publish","type":"post","link":"https:\/\/odgovoren-za-zdravje.si\/?p=10335","title":{"rendered":"Poro\u010dilo o aktivnostih in stanju Zahteve za analizo"},"content":{"rendered":"<div id=\"pl-gb10335-69efb676ee200\"  class=\"panel-layout wp-block-siteorigin-panels-layout-block panel-layout\" ><div id=\"pg-gb10335-69efb676ee200-0\"  class=\"panel-grid panel-has-style\" ><div class=\"siteorigin-panels-stretch panel-row-style panel-row-style-for-gb10335-69efb676ee200-0\" data-stretch-type=\"full-width-stretch\" ><div id=\"pgc-gb10335-69efb676ee200-0-0\"  class=\"panel-grid-cell\" ><div id=\"panel-gb10335-69efb676ee200-0-0-0\" class=\"so-panel widget widget_sow-image panel-first-child panel-last-child\" data-index=\"0\" ><div\n\t\t\t\n\t\t\tclass=\"so-widget-sow-image so-widget-sow-image-default-8b5b6f678277-10335\"\n\t\t\t\n\t\t>\n<div class=\"sow-image-container\">\n\t\t<img \n\tsrc=\"https:\/\/odgovoren-za-zdravje.si\/wp-content\/uploads\/2024\/05\/Porocilo-o-stanju-zahteve-naslovna-slika-2.png\" width=\"2560\" height=\"600\" srcset=\"https:\/\/odgovoren-za-zdravje.si\/wp-content\/uploads\/2024\/05\/Porocilo-o-stanju-zahteve-naslovna-slika-2.png 2560w, https:\/\/odgovoren-za-zdravje.si\/wp-content\/uploads\/2024\/05\/Porocilo-o-stanju-zahteve-naslovna-slika-2-300x70.png 300w, https:\/\/odgovoren-za-zdravje.si\/wp-content\/uploads\/2024\/05\/Porocilo-o-stanju-zahteve-naslovna-slika-2-1024x240.png 1024w, https:\/\/odgovoren-za-zdravje.si\/wp-content\/uploads\/2024\/05\/Porocilo-o-stanju-zahteve-naslovna-slika-2-768x180.png 768w, https:\/\/odgovoren-za-zdravje.si\/wp-content\/uploads\/2024\/05\/Porocilo-o-stanju-zahteve-naslovna-slika-2-1536x360.png 1536w, https:\/\/odgovoren-za-zdravje.si\/wp-content\/uploads\/2024\/05\/Porocilo-o-stanju-zahteve-naslovna-slika-2-2048x480.png 2048w\" sizes=\"(max-width: 2560px) 100vw, 2560px\" alt=\"\" \t\tclass=\"so-widget-image\"\/>\n\t<\/div>\n\n<\/div><\/div><\/div><\/div><\/div><div id=\"pg-gb10335-69efb676ee200-1\"  class=\"panel-grid panel-no-style\" ><div id=\"pgc-gb10335-69efb676ee200-1-0\"  class=\"panel-grid-cell panel-grid-cell-empty\" ><\/div><div id=\"pgc-gb10335-69efb676ee200-1-1\"  class=\"panel-grid-cell panel-grid-cell-mobile-last\" ><div id=\"panel-gb10335-69efb676ee200-1-1-0\" class=\"so-panel widget widget_sow-editor panel-first-child\" data-index=\"1\" ><div\n\t\t\t\n\t\t\tclass=\"so-widget-sow-editor so-widget-sow-editor-base\"\n\t\t\t\n\t\t>\n<div class=\"siteorigin-widget-tinymce textwidget\">\n\t<p>Posodobljeno: 02.07.2024<\/p>\n<\/div>\n<\/div><\/div><div id=\"panel-gb10335-69efb676ee200-1-1-1\" class=\"so-panel widget widget_themegrill_flash_heading tg-widget section-title-wrapper panel-last-child\" data-index=\"2\" >\t<h3 class=\"section-title\">Poro\u010dilo o stanju in aktivnostih glede Zahteve za analizo<\/h3>\n\t<div class=\"section-description\">Podatki o cepilnem statusu umrlih in obolelih so strogo varovana skrivnost medicine<\/div>\n<\/div><\/div><div id=\"pgc-gb10335-69efb676ee200-1-2\"  class=\"panel-grid-cell panel-grid-cell-empty\" ><\/div><\/div><div id=\"pg-gb10335-69efb676ee200-2\"  class=\"panel-grid panel-no-style\" ><div id=\"pgc-gb10335-69efb676ee200-2-0\"  class=\"panel-grid-cell panel-grid-cell-empty\" ><\/div><div id=\"pgc-gb10335-69efb676ee200-2-1\"  class=\"panel-grid-cell panel-grid-cell-mobile-last\" ><div id=\"panel-gb10335-69efb676ee200-2-1-0\" class=\"so-panel widget widget_sow-editor panel-first-child panel-last-child\" data-index=\"3\" ><div\n\t\t\t\n\t\t\tclass=\"so-widget-sow-editor so-widget-sow-editor-base\"\n\t\t\t\n\t\t>\n<div class=\"siteorigin-widget-tinymce textwidget\">\n\t<h4><span style=\"text-decoration: underline;\"><b>Na NIJZ smo poslali Zahtevo za analizo<\/b><\/span><\/h4>\n<\/div>\n<\/div><\/div><\/div><div id=\"pgc-gb10335-69efb676ee200-2-2\"  class=\"panel-grid-cell panel-grid-cell-empty\" ><\/div><\/div><div id=\"pg-gb10335-69efb676ee200-3\"  class=\"panel-grid panel-no-style\" ><div id=\"pgc-gb10335-69efb676ee200-3-0\"  class=\"panel-grid-cell panel-grid-cell-empty\" ><\/div><div id=\"pgc-gb10335-69efb676ee200-3-1\"  class=\"panel-grid-cell\" ><div id=\"panel-gb10335-69efb676ee200-3-1-0\" class=\"so-panel widget widget_sow-editor panel-first-child panel-last-child\" data-index=\"4\" ><div\n\t\t\t\n\t\t\tclass=\"so-widget-sow-editor so-widget-sow-editor-base\"\n\t\t\t\n\t\t>\n<div class=\"siteorigin-widget-tinymce textwidget\">\n\t<p>4.3.2024 smo na\u00a0<strong>Nacionalni in\u0161titut za javno zdravje (NIJZ)<\/strong> naslovili <strong>Zahtevo za analizo<\/strong><strong>\u00a0zdravstvenega stanja prebivalstva Slovenije po epidemiji<\/strong>\u00a0in\u00a0<strong>Analizo odziva na epidemijo. <\/strong>Prioritetno zahtevamo analizo postopkov ter rezultatov cepljenja proti Covidu-19 s primerjavo zdravstvenega stanja in smrti med cepljeno in necepljeno populacijo v Sloveniji.<\/p>\n<p><strong>\u010ceprav na NIJZ razpolagajo z vsemi zahtevanimi podatki, <\/strong><span style=\"font-weight: 400;\"><strong>\u017ee ve\u010d kot 3 leta ignorirajo in zavra\u010dajo <a href=\"https:\/\/odgovoren-za-zdravje.si\/aktualno\/mnoge-pobude-za-analizo-v-sloveniji\/\">mnoge pobude<\/a> lai\u010dne in strokovne javnosti <\/strong>za izvedbo analize in primerjave zdravstvenega stanja prebivalstva glede na status cepljenja proti Covidu-19, <\/span>s \u010dimer onemogo\u010dajo dostop do pomembnih informacij javnega zna\u010daja. <b>Pravzaprav nimamo niti podatkov o tem, kak\u0161na je umrljivost in obolelost zaradi Covida-19 med cepljenimi in kak\u0161na med necepljenimi, <\/b><span style=\"font-weight: 400;\">kar je osnova za preverjanje u\u010dinkovitosti cepiv.<\/span><\/p>\n<p>Tovrstne analize bi moral strokovni direktor NIJZ \u017ee pred leti vklju\u010diti v letne na\u010drte dela, ki jih sprejme svet zavoda NIJZ. Dejstvo, da je bil ukrep cepljenja najve\u010dja novost v letu 2021, ko se je <a href=\"https:\/\/odgovoren-za-zdravje.si\/aktualno\/zakaj-se-je-poslabsalo-javno-zdravje\/\">zdravstveno stanje za\u010delo drasti\u010dno poslab\u0161evati<\/a>, bi moral biti poleg eksperimentalnega statusa &#8216;cepiv&#8217; in zahtevanega dodatnega spremljanja varnosti, \u0161e dodaten razlog za izvedbo teh analiz, vendar se jim to ne zdi potrebno.<\/p>\n<p><strong>Ministrstvo za zdravje<\/strong>, ki je nadrejeni organ NIJZ, smo seznanili s problematiko in jih prosili, da se opredelijo do pomembnosti tematike in od NIJZ zahtevajo te analize. Po 3 mesecih smo prejeli kratek odgovor, da &#8216;na NIJZ nimajo vpliva&#8217;. Odgovor predsednika vlade \u0161e \u010dakamo.<\/p>\n<p>\u010ce bi ti podatki pri\u010dali o varnosti in u\u010dinkovitosti \u2018cepiv\u2019 proti Covidu-19, verjamemo, da bi jih \u017ee razkrili in tako verodostojno ovrgli trditve drugega mnenja stroke o njihovi nevarnosti in neu\u010dinkovitosti. <strong>Zato se upravi\u010deno spra\u0161ujemo, ali tako prikrivajo \u0161kodljivost teh \u2018cepiv\u2019 in svoje strokovne napake?\u00a0<\/strong><\/p>\n<\/div>\n<\/div><\/div><\/div><div id=\"pgc-gb10335-69efb676ee200-3-2\"  class=\"panel-grid-cell panel-grid-cell-mobile-last\" ><div id=\"panel-gb10335-69efb676ee200-3-2-0\" class=\"so-panel widget widget_siteorigin-panels-builder panel-first-child panel-last-child\" data-index=\"5\" ><div id=\"pl-w68472924bf41a\"  class=\"panel-layout wp-block-siteorigin-panels-layout-block panel-layout\" ><div id=\"pg-w68472924bf41a-0\"  class=\"panel-grid panel-has-style\" ><div class=\"so-rounded panel-row-style panel-row-style-for-w68472924bf41a-0\" ><div id=\"pgc-w68472924bf41a-0-0\"  class=\"panel-grid-cell\" ><div id=\"panel-w68472924bf41a-0-0-0\" class=\"so-panel widget widget_sow-editor panel-first-child\" data-index=\"0\" ><div class=\"panel-widget-style panel-widget-style-for-w68472924bf41a-0-0-0\" ><div\n\t\t\t\n\t\t\tclass=\"so-widget-sow-editor so-widget-sow-editor-base\"\n\t\t\t\n\t\t>\n<div class=\"siteorigin-widget-tinymce textwidget\">\n\t<h5 style=\"text-align: center;\"><span style=\"color: #ffffff;\">Zahteva za analizo<\/span><\/h5>\n<\/div>\n<\/div><\/div><\/div><div id=\"panel-w68472924bf41a-0-0-1\" class=\"so-panel widget widget_sow-editor\" data-index=\"1\" ><div class=\"panel-widget-style panel-widget-style-for-w68472924bf41a-0-0-1\" ><div\n\t\t\t\n\t\t\tclass=\"so-widget-sow-editor so-widget-sow-editor-base\"\n\t\t\t\n\t\t>\n<div class=\"siteorigin-widget-tinymce textwidget\">\n\t<p style=\"text-align: center;\"><img loading=\"lazy\" decoding=\"async\" class=\"alignnone wp-image-11163 size-full\" src=\"https:\/\/odgovoren-za-zdravje.si\/wp-content\/uploads\/2024\/05\/Drugo-mnenje-organizacije-logo-2.png\" alt=\"\" width=\"600\" height=\"100\" srcset=\"https:\/\/odgovoren-za-zdravje.si\/wp-content\/uploads\/2024\/05\/Drugo-mnenje-organizacije-logo-2.png 600w, https:\/\/odgovoren-za-zdravje.si\/wp-content\/uploads\/2024\/05\/Drugo-mnenje-organizacije-logo-2-300x50.png 300w\" sizes=\"auto, (max-width: 600px) 100vw, 600px\" \/><\/p>\n<p><span style=\"font-family: Helvetica, serif; font-size: small;\">Zahtevo in to\u017ebo smo poslali preko odvetni\u0161ke pisarne\u00a0\u00a0v imenu skupine &#8216;<a href=\"https:\/\/odgovoren-za-zdravje.si\/kdo-smo\/\">Odgovoren za zdravje&#8217;<\/a> oz. &#8216;Dru\u0161tva za za\u0161\u010dito \u010dloveka in njegovih pravic&#8217; s podporo organizacij povezanih v kampanji <a href=\"https:\/\/odgovoren-za-zdravje.si\/drugo-mnenje\/\">Drugo mnenje<\/a>, ter vseh obstoje\u010dih in bodo\u010dih podpisnikov <a href=\"https:\/\/odgovoren-za-zdravje.si\/zahteva-za-analizo\/\">spletne peticije<\/a>. Med drugimi so jo podprli v <strong>Iniciativi slovenskih zdravnikov (ISZ)<\/strong> in <strong>Civilni iniciativi slovenskih pravnikov (CISP)<\/strong>. Aktivno jo podpirata tudi <strong>prof. dr. Matja\u017e Zwitter<\/strong>, \u010dlan odbora za pravno-eti\u010dna vpra\u0161anja pri Zdravni\u0161ki zbornici in strokovni sodelovec projekta OZZ, in <strong>Du\u0161an Nolimal<\/strong>, zdravnik in specilaist javnega zdravja ter biv\u0161i zaposleni na NIJZ. Podporo in pomo\u010d je izrazila tudi <strong>Ur\u0161ka Klako\u010dar Zupan\u010di\u010d<\/strong> na <a href=\"https:\/\/odgovoren-za-zdravje.si\/aktualno\/urska-klakocar-zupancic-izrazila-podporo-zahtevi-za-analizo\/\">protokolarnem sre\u010danju<\/a>. Analize oz. strokovne ocene cepljenja in ukrepov pa prepoznavajo kot potrebne tudi v <strong>Pravni mre\u017ei za varstvo demokracije<\/strong> in v <a href=\"https:\/\/odgovoren-za-zdravje.si\/aktualno\/drzavni-svet-podpira-analizo-cepljenja\/\"><strong>Dr\u017eavnem svetu<\/strong><\/a>.<\/span><\/p>\n<\/div>\n<\/div><\/div><\/div><div id=\"panel-w68472924bf41a-0-0-2\" class=\"so-panel widget widget_sow-editor\" data-index=\"2\" ><div class=\"panel-widget-style panel-widget-style-for-w68472924bf41a-0-0-2\" ><div\n\t\t\t\n\t\t\tclass=\"so-widget-sow-editor so-widget-sow-editor-base\"\n\t\t\t\n\t\t>\n<div class=\"siteorigin-widget-tinymce textwidget\">\n\t<ul>\n<li><span style=\"color: #333333;\"><span style=\"color: #3366ff; font-family: Helvetica, serif; font-size: small;\"><a href=\"https:\/\/odgovoren-za-zdravje.si\/wp-content\/uploads\/2024\/03\/Zahteva-za-NIJZ-poslano-4.3.2024.pdf.pdf\">Uradna zahteva za NIJZ (4.3.2024)<\/a><\/span><\/span><\/li>\n<li><span style=\"color: #333333;\"><span style=\"color: #3366ff; font-family: Helvetica, serif; font-size: small;\"><a href=\"https:\/\/odgovoren-za-zdravje.si\/wp-content\/uploads\/2024\/04\/3.-NIJZ-delno-zavrnilna-odlocba-nasih-zahtev-4.4.2024.pdf\">Delno zavrnilna odlo\u010dba NIJZ glede na\u0161ih zahtev (4.4.2024)<\/a><\/span><\/span><\/li>\n<li><a href=\"https:\/\/odgovoren-za-zdravje.si\/wp-content\/uploads\/2024\/04\/Odgovor-urada-direktorja-NIJZ-18.4.2024.pdf\"><span style=\"color: #333333;\"><span style=\"color: #3366ff; font-family: Helvetica, serif; font-size: small;\">Odgovor strokovnega direktorja NIJZ dr. Er\u017eena (18.4.2024)<\/span><\/span><\/a><span style=\"color: #333333;\"><span style=\"color: #3366ff; font-family: Helvetica, serif; font-size: small;\"><br \/>\n<\/span><\/span><\/li>\n<li><span style=\"color: #333333;\"><span style=\"color: #3366ff; font-family: Helvetica, serif; font-size: small;\"><a href=\"https:\/\/odgovoren-za-zdravje.si\/wp-content\/uploads\/2024\/05\/Pritozba-OZZ-glede-odlocbe-16.4.2024.pdf\">Prito\u017eba OZZ glede zavrnilne odlo\u010dbe (16.4.2024)<\/a><\/span><\/span><\/li>\n<li><a href=\"https:\/\/odgovoren-za-zdravje.si\/wp-content\/uploads\/2024\/06\/5.-Zavrnilna-odlocba-IP-31.5.2024.pdf\"><span style=\"font-family: Helvetica, serif; font-size: small;\">Zavrnilna odlo\u010dba Informacijskega poobla\u0161\u010denca (31.5.2024)<\/span><\/a><\/li>\n<li><a href=\"https:\/\/odgovoren-za-zdravje.si\/wp-content\/uploads\/2024\/07\/6.-Tozba-zoper-NIJZ-2.7.2024.pdf\"><span style=\"font-family: Helvetica, serif; font-size: small;\">To\u017eba zoper NIJZ (2.7.2024)<\/span><\/a><\/li>\n<li><a href=\"https:\/\/odgovoren-za-zdravje.si\/wp-content\/uploads\/2025\/06\/Sodba-v-imenu-ljudstva-maj-2025.pdf\"><span style=\"font-family: Helvetica, serif; font-size: small;\">Razsodba vi\u0161jega sodi\u0161\u010da nam v prid (29.5.2025)<\/span><\/a><\/li>\n<\/ul>\n<\/div>\n<\/div><\/div><\/div><div id=\"panel-w68472924bf41a-0-0-3\" class=\"so-panel widget widget_sow-button panel-last-child\" data-index=\"3\" ><div\n\t\t\t\n\t\t\tclass=\"so-widget-sow-button so-widget-sow-button-atom-2599b159241e\"\n\t\t\t\n\t\t><div class=\"ow-button-base ow-button-align-center\"\n>\n\t\t\t<a\n\t\t\t\t\thref=\"https:\/\/odgovoren-za-zdravje.si\/zahteva-za-analizo\/\"\n\t\t\t\t\tclass=\"sowb-button ow-icon-placement-right ow-button-hover\" \t>\n\t\t<span>\n\t\t\t<span class=\"sow-icon-fontawesome sow-far\" data-sow-icon=\"&#xf35a;\"\n\t\tstyle=\"\" \n\t\taria-hidden=\"true\"><\/span>\n\t\t\tPODPI\u0160I ZAHTEVO\t\t<\/span>\n\t\t\t<\/a>\n\t<\/div>\n<\/div><\/div><\/div><\/div><\/div><\/div><\/div><\/div><div id=\"pgc-gb10335-69efb676ee200-3-3\"  class=\"panel-grid-cell panel-grid-cell-empty\" ><\/div><\/div><div id=\"pg-gb10335-69efb676ee200-4\"  class=\"panel-grid panel-no-style\" ><div id=\"pgc-gb10335-69efb676ee200-4-0\"  class=\"panel-grid-cell panel-grid-cell-empty\" ><\/div><div id=\"pgc-gb10335-69efb676ee200-4-1\"  class=\"panel-grid-cell panel-grid-cell-mobile-last\" ><div id=\"panel-gb10335-69efb676ee200-4-1-0\" class=\"so-panel widget widget_sow-editor panel-first-child panel-last-child\" data-index=\"6\" ><div\n\t\t\t\n\t\t\tclass=\"so-widget-sow-editor so-widget-sow-editor-base\"\n\t\t\t\n\t\t>\n<div class=\"siteorigin-widget-tinymce textwidget\">\n\t<h4><span style=\"text-decoration: underline;\"><b>NIJZ je zahteve <\/b><\/span><span style=\"text-decoration: underline;\"><b>po pri\u010dakovanjih <\/b><\/span><span style=\"text-decoration: underline;\"><b>zavrnil, zato smo vlo\u017eili to\u017ebo in uspeli!<\/b><\/span><\/h4>\n<\/div>\n<\/div><\/div><\/div><div id=\"pgc-gb10335-69efb676ee200-4-2\"  class=\"panel-grid-cell panel-grid-cell-empty\" ><\/div><\/div><div id=\"pg-gb10335-69efb676ee200-5\"  class=\"panel-grid panel-no-style\" ><div id=\"pgc-gb10335-69efb676ee200-5-0\"  class=\"panel-grid-cell panel-grid-cell-empty\" ><\/div><div id=\"pgc-gb10335-69efb676ee200-5-1\"  class=\"panel-grid-cell panel-grid-cell-mobile-last\" ><div id=\"panel-gb10335-69efb676ee200-5-1-0\" class=\"so-panel widget widget_sow-editor panel-first-child panel-last-child\" data-index=\"7\" ><div\n\t\t\t\n\t\t\tclass=\"so-widget-sow-editor so-widget-sow-editor-base\"\n\t\t\t\n\t\t>\n<div class=\"siteorigin-widget-tinymce textwidget\">\n\t<p>Na NIJZ so &#8216;delno&#8217; odgovorili le na 4 dodatna odvetnikova vpra\u0161anja, vsa ostala vpra\u0161anja in zahteve so v celoti ignorirali. Na\u0161e prito\u017ebe so bile zavrnjene, zato smo 2.7.2024 zoper NIJZ vlo\u017eili <a href=\"https:\/\/odgovoren-za-zdravje.si\/wp-content\/uploads\/2024\/07\/6.-Tozba-zoper-NIJZ-2.7.2024.pdf\">to\u017ebo<\/a>. <strong>Vi\u0161je sodi\u0161\u010de je maja 2025 <a href=\"https:\/\/odgovoren-za-zdravje.si\/aktualno\/razsodba-visjega-sodisca-zahteva-dostopnost-informacij-javnega-znacaja\/\">razsodilo<\/a> nam v prid in ovrglo trditve NIJZ in Informacijskega poobla\u0161\u010denca.<\/strong><\/p>\n<p>Na NIJZ kot razloge za zavrnitev navajajo:<\/p>\n<p><strong><a href=\"https:\/\/odgovoren-za-zdravje.si\/wp-content\/uploads\/2024\/01\/Zwitter-prikazna-slika-700-x-400-px-1.png\"><img loading=\"lazy\" decoding=\"async\" class=\" wp-image-8342 alignleft\" src=\"https:\/\/odgovoren-za-zdravje.si\/wp-content\/uploads\/2024\/01\/Zwitter-prikazna-slika-700-x-400-px-1.png\" alt=\"\" width=\"375\" height=\"214\" srcset=\"https:\/\/odgovoren-za-zdravje.si\/wp-content\/uploads\/2024\/01\/Zwitter-prikazna-slika-700-x-400-px-1.png 700w, https:\/\/odgovoren-za-zdravje.si\/wp-content\/uploads\/2024\/01\/Zwitter-prikazna-slika-700-x-400-px-1-300x171.png 300w\" sizes=\"auto, (max-width: 375px) 100vw, 375px\" \/><\/a>1. Zahtevani podatki pravno ne izpolnjujejo vseh kriterijev Informacij javnega zna\u010daja (IJZ).<\/strong><br \/>\nIJZ so edine informacije, ki so jih po zakonu dol\u017eni posredovati javnosti, \u010demur je pritrdil tudi Informacijski poobla\u0161\u010denec (IP). \u010ce zahtevanih podatkov, analiz in odgovorov na vpra\u0161anja nimajo \u017ee oblikovanih, potem ti podatki ne veljajo za IJZ, niso pa jih dol\u017eni na zahtevo javnosti oblikovati, to lahko od njih zahteva le Ministrstvo za zdravje (MZ), ki tudi zagotovi sredstva za izvedbo. Od MZ pa lahko to zahteva Predsednik vlade (PV).<\/p>\n<p><strong>2. To so zelo zahtevne analize, za katere nimajo kadra in sredstev. <\/strong><br \/>\n\u010ce bi statistike samo opremili s cepilnim statusom brez upo\u0161tevanja drugih dejavnikov, naj to ne bi prikazalo realnih oz. uporabnih podatkov. Pa \u017ee s tem bi imeli veliko dela, ker podatki v ve\u010dini niso digitalizirani. Nasprotno pa prof. dr. Matja\u017e Zwitter, \u010dlan odbora Zdravni\u0161ke zbornice, v <a href=\"https:\/\/www.delo.si\/sobotna-priloga\/je-cepljenje-varno\">Delovem \u010dlanku<\/a>, kjer poziva k analizi cepljenja, pravi, da bi bila tak\u0161na raziskava relativno nezahtevna. Neuradno zaposleni na NIJZ izra\u017eajo skrb, da bi podatki v tak\u0161ni obliki v javnosti povzro\u010dili preplah in \u0161e dodatno zmanj\u0161ali zaupanje v cepljenje, zato v OZZ verjamemo, da te podatke v tak\u0161ni obliki imajo in da ne pri\u010dajo o varnosti in u\u010dinkovitosti.<\/p>\n<p><strong>3. Mednarodne oz. tuje \u0161tudije so dovolj dobre, in dokazujejo varnost in u\u010dinkovitost cepiv, za to ni potrebe po lastnih \u0161tudijah. <\/strong><br \/>\nUradne velike \u0161tudije iz tujine, na katere se naslanjajo tudi na\u0161i pristojni, vsebujejo pomembne nepravilnosti (npr. cepljeni v nekaterih primerih veljajo za necepljene). Tako kritike teh \u0161tudij kot mnoge druge verodostojne \u0161tudije, ki ugotavljajo nevarnost in neu\u010dinkovitost cepiv, pristojni ignorirajo. Obstajajo tudi mnogi upravi\u010deni sumi in dokazi koruptivnega delovanja, prikrivanja podatkov in potvarjanja \u0161tudij.<\/p>\n<\/div>\n<\/div><\/div><\/div><div id=\"pgc-gb10335-69efb676ee200-5-2\"  class=\"panel-grid-cell panel-grid-cell-empty\" ><\/div><\/div><div id=\"pg-gb10335-69efb676ee200-6\"  class=\"panel-grid panel-no-style\" ><div id=\"pgc-gb10335-69efb676ee200-6-0\"  class=\"panel-grid-cell panel-grid-cell-empty\" ><\/div><div id=\"pgc-gb10335-69efb676ee200-6-1\"  class=\"panel-grid-cell panel-grid-cell-mobile-last\" ><div id=\"panel-gb10335-69efb676ee200-6-1-0\" class=\"so-panel widget widget_sow-editor panel-first-child panel-last-child\" data-index=\"8\" ><div\n\t\t\t\n\t\t\tclass=\"so-widget-sow-editor so-widget-sow-editor-base\"\n\t\t\t\n\t\t>\n<div class=\"siteorigin-widget-tinymce textwidget\">\n\t<h4><span style=\"text-decoration: underline;\"><b>Zahtevane analize in soo\u010denje razli\u010dnih strokovnih mnenj so nujne, ker:<\/b><\/span><\/h4>\n<\/div>\n<\/div><\/div><\/div><div id=\"pgc-gb10335-69efb676ee200-6-2\"  class=\"panel-grid-cell panel-grid-cell-empty\" ><\/div><\/div><div id=\"pg-gb10335-69efb676ee200-7\"  class=\"panel-grid panel-no-style\" ><div id=\"pgc-gb10335-69efb676ee200-7-0\"  class=\"panel-grid-cell panel-grid-cell-empty\" ><\/div><div id=\"pgc-gb10335-69efb676ee200-7-1\"  class=\"panel-grid-cell panel-grid-cell-mobile-last\" ><div id=\"panel-gb10335-69efb676ee200-7-1-0\" class=\"so-panel widget widget_sow-editor panel-first-child\" data-index=\"9\" ><div\n\t\t\t\n\t\t\tclass=\"so-widget-sow-editor so-widget-sow-editor-base\"\n\t\t\t\n\t\t>\n<div class=\"siteorigin-widget-tinymce textwidget\">\n\t<div id=\"pg-gb10335-667bc5e6b485a-5\" class=\"panel-grid panel-no-style\" data-style=\"{&quot;background_image_attachment&quot;:false,&quot;background_display&quot;:&quot;tile&quot;,&quot;background_image_size&quot;:&quot;full&quot;,&quot;background_image_opacity&quot;:&quot;100&quot;,&quot;border_thickness&quot;:&quot;1px&quot;,&quot;full_height&quot;:&quot;&quot;,&quot;cell_alignment&quot;:&quot;flex-start&quot;}\">\n<div id=\"pgc-gb10335-667bc5e6b485a-5-1\" class=\"panel-grid-cell panel-grid-cell-mobile-last\" data-weight=\"0.82\">\n<div id=\"panel-gb10335-667bc5e6b485a-5-1-0\" class=\"so-panel widget widget_sow-editor panel-first-child panel-last-child\" data-index=\"7\" data-style=\"{&quot;background_image_attachment&quot;:false,&quot;background_display&quot;:&quot;tile&quot;,&quot;background_image_size&quot;:&quot;full&quot;,&quot;background_image_opacity&quot;:&quot;100&quot;,&quot;border_thickness&quot;:&quot;1px&quot;}\">\n<div class=\"so-widget-sow-editor so-widget-sow-editor-base\">\n<div class=\"siteorigin-widget-tinymce textwidget\"><\/div>\n<\/div>\n<\/div>\n<\/div>\n<\/div>\n<p><strong><a href=\"https:\/\/odgovoren-za-zdravje.si\/varnost-cepljenja\/\"><img loading=\"lazy\" decoding=\"async\" class=\"alignleft wp-image-6783\" src=\"https:\/\/odgovoren-za-zdravje.si\/wp-content\/uploads\/2024\/01\/Status-kovid-cepiv-slika.png\" alt=\"\" width=\"257\" height=\"351\" srcset=\"https:\/\/odgovoren-za-zdravje.si\/wp-content\/uploads\/2024\/01\/Status-kovid-cepiv-slika.png 600w, https:\/\/odgovoren-za-zdravje.si\/wp-content\/uploads\/2024\/01\/Status-kovid-cepiv-slika-220x300.png 220w\" sizes=\"auto, (max-width: 257px) 100vw, 257px\" \/><\/a><\/strong><\/p>\n<p><strong>1. Je bilo cepljenje najve\u010dja novost v letu 2021, ko se je zdravstveno stanje v Sloveniji za\u010delo drasti\u010dno poslab\u0161evati. <\/strong>Znano je, da sta akutni miokarditis in plju\u010dna embolija lahko posledica cepljenja proti Covidu-19 ali te\u017ejega poteka te bolezni. Pristojni trdijo, da je tveganje za pojav miokarditisa bistveno ve\u010dje po oku\u017ebi kot po cepljenju. Vendar pa je bilo v letu 2021, ko je potekalo najbolj mno\u017ei\u010dno cepljenje proti Covidu-19, za kar 63 % ve\u010d hospitalizacij zaradi akutnega miokarditisa, medtem ko leta 2020 ni povi\u0161anja. Podatkovni portal NIJZ ka\u017ee tudi 36 % ve\u010d hospitalizacij zaradi plju\u010dne embolije v primerjavi z letom 2020, ko \u0161e nismo imeli &#8216;cepiv&#8217;. Tudi druge \u0161tevilke so zaskrbljujo\u010de. Da bi lahko preverili morebitno povezavo s cepljenjem, bi morali te podatke opremiti z natan\u010dnim statusom cepljenja proti Covidu-19. <a href=\"https:\/\/odgovoren-za-zdravje.si\/aktualno\/zakaj-se-je-poslabsalo-javno-zdravje\/\">Preberi ve\u010d&#8230;<\/a><\/p>\n<p><strong>2. Je bilo za &#8216;cepiva&#8217; proti Covidu-19 je zaradi\u00a0 pospe\u0161enega razvoja in eksperimentalnega statusa zahtevano dodatno spremljanje varnosti, <\/strong>saj so zaradi &#8216;izrednih razmer&#8217; dobila pogojno dovoljenje za uporabo po manj kot 6 mesecih klini\u010dnih preizku\u0161anj, \u010deprav navadno razvoj cepiva traja najmanj 5 do ponavadi 10 do 15 let. Zdravstveno stanje ljudi po cepljenju bi morali zato \u0161e posebej skrbno spremljati \u017ee brez zgornjih podatkov o poslab\u0161anju zdravstvenega stanja, \u010desar pa v Sloveniji niti zdravniki niti pristojne institucije ne po\u010dnejo. <a href=\"https:\/\/odgovoren-za-zdravje.si\/aktualno\/zakaj-se-nijz-izogiba-analizi-zdravstvenega-stanja\/\">Preberi ve\u010d&#8230;<\/a><\/p>\n<p><span style=\"font-weight: 400;\"><strong>3. So merjenje in analize rezultatov medicinskih postopkov temeljni standard medicinske znanosti (\u00bbevidence based medicine\u00ab)<\/strong>, kar\u00a0so posebej poudarili v Dr\u017eavnem svetu na Posvetu o sodobnih zdravstvenih politikah. To je (oz. naj bi bilo) samoumevno \u017ee za ustaljene in preizku\u0161ene medicinske metode, \u0161e toliko bolj pa je to nujno v primeru novih, ne dovolj preizku\u0161enih metod, med katere se uvr\u0161\u010dajo \u2018cepiva\u2019 proti Covidu-19. <a href=\"https:\/\/odgovoren-za-zdravje.si\/aktualno\/drzavni-svet-podpira-analizo-cepljenja\/\">Preberi ve\u010d&#8230;<\/a><\/span><\/p>\n<p><strong>4. Je izvajanje primerjalnih analiz med cepljenimi in necepljenimi skupinami klju\u010dno za razumevanje vpliva cepljenja na zdravje prebivalstva. <\/strong>&#8221;\u010ce bi se pokazalo, da je v skupini cepljenih manj zdravstvenih te\u017eav in smrti kot v skupini necepljenih, bi to gotovo pomirilo nekatere skrbi v javnosti in lahko dodatno podprlo potrebo po cepljenju kot u\u010dinkovitem preventivnem ukrepu. Nasprotno, \u010de bi se izkazalo, da je v skupini cepljenih ve\u010d te\u017eav, bi to bilo treba temeljito raziskati in ugotoviti, ali so te te\u017eave neposredno povezane s cepljenjem ali pa so predvsem posledica drugih dejavnikov.&#8221; (Du\u0161an Nolimal v <a href=\"https:\/\/odgovoren-za-zdravje.si\/aktualno\/nijz-ze-cetrto-leto-onemogoca-dostop-do-pomembnih-informacij\/\">Delovem \u010dlanku<\/a>)<\/p>\n<p><strong>5. Znanost glede cepljenja in drugih ukrepov nikakor ni enotna.<\/strong> Podatki na podlagi cepilnega statusa v ve\u010dini dr\u017eav niso dostopni javnosti. Kjer pa so, obstajajo razli\u010dne \u0161tudije na podlagi istih podatkov, ki ka\u017eejo zelo razli\u010dne rezultate. Tako na eni kot na drugi strani pa so te \u0161tudije podvr\u017eene strokovnim kritikam.\u00a0 V nedavno objavljeni <a href=\"https:\/\/www.researchgate.net\/publication\/378831039_The_extent_and_impact_of_vaccine_status_miscategorisation_on_covid-19_vaccine_efficacy_studies\">\u0161tudiji<\/a> so raziskovalci sistemati\u010dno pregledali 39 \u0161tudij, ki so bile pristranske pri kategorizaciji meritev, npr. po dolo\u010denem \u010dasu po prejemu zadnjega odmerka so tudi cepljeni veljali za necepljene. Rezultati \u0161tudij so odvisni od razli\u010dnih dejavnikov, zato je \u0161e toliko bolj pomembno, da naredimo lastne, neodvisne \u0161tudije tudi v Sloveniji.<strong><br \/>\n<\/strong><\/p>\n<p><strong>6. V vseh dr\u017eavah obstajajo legitimne zahteve po tem, da se temeljito in neodvisno analizira dogajanje med pandemijo in uspe\u0161nost oz. sorazmernost uvedenih ukrepov v posameznih dr\u017eavah: <\/strong><span style=\"font-weight: 400;\">V <a href=\"https:\/\/odgovoren-za-zdravje.si\/aktualno\/nemski-nijz-je-bil-primoran-razkriti-zaupne-dokumente\/\">Nem\u010diji<\/a> so po objavi zapisnika notranjega sestanka krizne korona skupine, ki je dokazal, da so pristojni vedeli ve\u010d o virusu in ukrepih, kot so javno priznali, pozivi k analizi \u0161e mo\u010dnej\u0161i; <\/span><span style=\"font-weight: 400;\"><a href=\"https:\/\/news.rebekahbarnett.com.au\/p\/breaking-australian-government-establishes\">avstralski senat<\/a> je nedavno odlo\u010dil, da se vzpostavi uradno preiskavo o prekomerni smrtnosti; na <a href=\"https:\/\/www.facebook.com\/100010838227740\/videos\/979783623695917\">Hrva\u0161kem<\/a> bodo poslanci glasovali o pobudi za analizo; itn.<\/span><\/p>\n<p><strong>8. Je zaupanje javnosti v strokovnost, odgovornost in integriteto uradne medicinske stroke, ter odprtega in transparentnega delovanja organov javnega sektorja na zelo nizkem nivoju.<\/strong> \u010ceprav pristojni najve\u010dji problem odziva na epidemijo vidijo v slabi promociji in komunikaciji, smo na drugi stran prepri\u010dani, da so med najve\u010djimi problemi nestrokovnost, malomarnost, netransparentnost, la\u017ei in zavajanja ter korupcija.<\/p>\n<p><strong>7. Se spreminjajo tako <a href=\"https:\/\/odgovoren-za-zdravje.si\/aktualno\/ponovno-spreminjajo-zakon-o-nalezljivih-boleznih-znb-civilna-druzba-ni-vkljucena\/\">Zakon o nalezljivih boleznih v Sloveniji<\/a> kot tudi mednarodne pogodbe in pravilniki.\u00a0 <\/strong><a href=\"https:\/\/odgovoren-za-zdravje.si\/svetovna-zdravstvena-organizacija-szo\/\">Svetovni zdravstveni organizaciji (SZO\/WHO) <\/a>s spremembami mednarodnega zdravstvenega pravilnika in novo Pandemijsko pogodbo\/sporazumom podeljujemo ve\u010djo mo\u010d in nadzor nad upravljanjem z na\u0161im zdravjem in \u017eivljenji, brez da bi analizirali epidemiolo\u0161ke ukrepe, ki jih je ta organizacija priporo\u010dala. Na to nevarnost v opozarja dr. Andra\u017e Ter\u0161ek v \u010dasopisu Pravna praksa v \u010dlanku <a href=\"https:\/\/odgovoren-za-zdravje.si\/wp-content\/uploads\/2024\/05\/PP-SZO-2024-TERSEK.pdf\">SZO \u2013 najve\u010dja svetovna nevarnost vsem ljudem bo o\u010ditno uresni\u010dila svoje zavr\u017ene na\u010drte.<\/a><\/p>\n<\/div>\n<\/div><\/div><div id=\"panel-gb10335-69efb676ee200-7-1-1\" class=\"so-panel widget widget_sow-editor panel-last-child\" data-index=\"10\" ><div class=\"besedilo-strani panel-widget-style panel-widget-style-for-gb10335-69efb676ee200-7-1-1\" ><div\n\t\t\t\n\t\t\tclass=\"so-widget-sow-editor so-widget-sow-editor-base\"\n\t\t\t\n\t\t>\n<div class=\"siteorigin-widget-tinymce textwidget\">\n\t<div id=\"pg-gb6948-665092d33b6b0-1\" class=\"panel-grid panel-no-style\" data-style=\"{&quot;background_image_attachment&quot;:false,&quot;background_display&quot;:&quot;tile&quot;,&quot;background_image_size&quot;:&quot;full&quot;,&quot;background_image_opacity&quot;:&quot;100&quot;,&quot;border_thickness&quot;:&quot;1px&quot;,&quot;full_height&quot;:&quot;&quot;,&quot;bottom_margin&quot;:&quot;40px&quot;,&quot;cell_alignment&quot;:&quot;flex-start&quot;}\">\n<div id=\"pgc-gb6948-665092d33b6b0-1-0\" class=\"panel-grid-cell\" data-weight=\"1\">\n<div id=\"panel-gb6948-665092d33b6b0-1-0-1\" class=\"so-panel widget widget_sow-editor panel-last-child\" data-index=\"2\" data-style=\"{&quot;background_image_attachment&quot;:false,&quot;background_display&quot;:&quot;tile&quot;,&quot;background_image_size&quot;:&quot;full&quot;,&quot;background_image_opacity&quot;:&quot;100&quot;,&quot;border_thickness&quot;:&quot;1px&quot;,&quot;margin&quot;:&quot;0px 0px 20px 0px&quot;}\">\n<div class=\"so-widget-sow-editor so-widget-sow-editor-base\"><\/div>\n<\/div>\n<\/div>\n<\/div>\n<h4 style=\"text-align: center;\"><strong>Le z mo\u010dno podporo medijev in javnosti nam lahko uspe!<\/strong><\/h4>\n<p style=\"text-align: center;\">Na NIJZ in Ministrstvu za zdravje se temu ve\u010d kot o\u010ditno in dokazano na vse pretege izogibajo. Zato je zelo je pomembno, da mediji raziskujejo in poro\u010dajo ter da kot ljudstvo vr\u0161imo \u010dim ve\u010dji pritisk na pristojne in odgovorne.<\/p>\n<h5 style=\"text-align: center;\"><strong>\u2192\u00a0<a href=\"https:\/\/odgovoren-za-zdravje.si\/podpri-kampanjo-drugo-mnenje\/\">Aktiviraj se<\/a><\/strong><\/h5>\n<h5 style=\"text-align: center;\"><strong>\u2192 <a href=\"https:\/\/odgovoren-za-zdravje.si\/wp-content\/uploads\/2024\/07\/PISI-ODGOVORNIM-TUDI-TI.docx\">Pi\u0161i pristojnim tudi ti<\/a><\/strong><\/h5>\n<\/div>\n<\/div><\/div><\/div><\/div><div id=\"pgc-gb10335-69efb676ee200-7-2\"  class=\"panel-grid-cell panel-grid-cell-empty\" ><\/div><\/div><div id=\"pg-gb10335-69efb676ee200-8\"  class=\"panel-grid panel-has-style\" ><div class=\"so-rounded panel-row-style panel-row-style-for-gb10335-69efb676ee200-8\" ><div id=\"pgc-gb10335-69efb676ee200-8-0\"  class=\"panel-grid-cell\" ><div id=\"panel-gb10335-69efb676ee200-8-0-0\" class=\"so-panel widget widget_sow-image panel-first-child panel-last-child\" data-index=\"11\" ><div\n\t\t\t\n\t\t\tclass=\"so-widget-sow-image so-widget-sow-image-default-c67d20f9f743-10335\"\n\t\t\t\n\t\t>\n<div class=\"sow-image-container\">\n\t\t<img \n\tsrc=\"https:\/\/odgovoren-za-zdravje.si\/wp-content\/uploads\/2024\/01\/Zahteva-za-analizo-in-soocenje-slika-5.png\" width=\"970\" height=\"599\" srcset=\"https:\/\/odgovoren-za-zdravje.si\/wp-content\/uploads\/2024\/01\/Zahteva-za-analizo-in-soocenje-slika-5.png 970w, https:\/\/odgovoren-za-zdravje.si\/wp-content\/uploads\/2024\/01\/Zahteva-za-analizo-in-soocenje-slika-5-300x185.png 300w, https:\/\/odgovoren-za-zdravje.si\/wp-content\/uploads\/2024\/01\/Zahteva-za-analizo-in-soocenje-slika-5-768x474.png 768w\" sizes=\"(max-width: 970px) 100vw, 970px\" alt=\"\" \t\tclass=\"so-widget-image\"\/>\n\t<\/div>\n\n<\/div><\/div><\/div><div id=\"pgc-gb10335-69efb676ee200-8-1\"  class=\"panel-grid-cell\" ><div id=\"panel-gb10335-69efb676ee200-8-1-0\" class=\"so-panel widget widget_sow-editor panel-first-child\" data-index=\"12\" ><div class=\"panel-widget-style panel-widget-style-for-gb10335-69efb676ee200-8-1-0\" ><div\n\t\t\t\n\t\t\tclass=\"so-widget-sow-editor so-widget-sow-editor-base\"\n\t\t\t\n\t\t>\n<div class=\"siteorigin-widget-tinymce textwidget\">\n\t<h4>ZAHTEVA ZA ANALIZO ZDRAVSTVENEGA STANJA PO EPIDEMIJI<\/h4>\n<p><strong>Zakaj se je v Sloveniji poslab\u0161alo javno zdravje v 2021 in 2022?<\/strong> Zahtevamo analizo varnosti in u\u010dinkovitosti cepiv proti Covidu-19 s primerjavo zdravstvenega stanja in smrti med cepljeno in necepljeno populacijo, analizo odziva na epidemijo, soo\u010denje z drugim mnenjem stroke ter prevzem odgovornosti in sanacijo povzro\u010dene \u0161kode.<\/p>\n<div id=\"panel-w65a2b95f860f5-0-1-0\" class=\"so-panel widget widget_sow-editor panel-first-child\" data-index=\"1\">\n<div class=\"panel-widget-style panel-widget-style-for-w65a2b95f860f5-0-1-0\">\n<div class=\"so-widget-sow-editor so-widget-sow-editor-base\">\n<div class=\"siteorigin-widget-tinymce textwidget\">\n<div id=\"panel-w658da9000cb5f-0-0-1\" class=\"so-panel widget widget_sow-editor\" data-index=\"1\">\n<div class=\"panel-widget-style panel-widget-style-for-w658da9000cb5f-0-0-1\">\n<div class=\"so-widget-sow-editor so-widget-sow-editor-base\"><\/div>\n<\/div>\n<\/div>\n<\/div>\n<\/div>\n<\/div>\n<\/div>\n<div id=\"panel-w65a2b95f860f5-0-1-1\" class=\"so-panel widget widget_sow-editor panel-last-child\" data-index=\"2\">\n<div class=\"so-widget-sow-editor so-widget-sow-editor-base\"><\/div>\n<\/div>\n<\/div>\n<\/div><\/div><\/div><div id=\"panel-gb10335-69efb676ee200-8-1-1\" class=\"so-panel widget widget_sow-button panel-last-child\" data-index=\"13\" ><div\n\t\t\t\n\t\t\tclass=\"so-widget-sow-button so-widget-sow-button-atom-c6acfef5e0e0-10335\"\n\t\t\t\n\t\t><div class=\"ow-button-base ow-button-align-left\"\n>\n\t\t\t<a\n\t\t\t\t\thref=\"https:\/\/odgovoren-za-zdravje.si\/zahteva-za-analizo\/\"\n\t\t\t\t\tclass=\"sowb-button ow-icon-placement-right ow-button-hover\" \t>\n\t\t<span>\n\t\t\t<span class=\"sow-icon-fontawesome sow-far\" data-sow-icon=\"&#xf35a;\"\n\t\tstyle=\"\" \n\t\taria-hidden=\"true\"><\/span>\n\t\t\tPODPI\u0160I ZAHTEVO\t\t<\/span>\n\t\t\t<\/a>\n\t<\/div>\n<\/div><\/div><\/div><\/div><\/div><\/div>","protected":false},"excerpt":{"rendered":"<p>Povzetek stanja in aktivnosti, uradna dokumentacija in odzivi pristojnih glede Zahteve za analizo zdravstvenega stanja in odziva na epidemijo, ki smo jo preko odvetnika naslovili na NIJZ.<\/p>\n","protected":false},"author":2,"featured_media":10369,"comment_status":"open","ping_status":"closed","sticky":false,"template":"","format":"standard","meta":{"footnotes":""},"categories":[45],"tags":[],"class_list":["post-10335","post","type-post","status-publish","format-standard","has-post-thumbnail","hentry","category-zahteva"],"_links":{"self":[{"href":"https:\/\/odgovoren-za-zdravje.si\/index.php?rest_route=\/wp\/v2\/posts\/10335","targetHints":{"allow":["GET"]}}],"collection":[{"href":"https:\/\/odgovoren-za-zdravje.si\/index.php?rest_route=\/wp\/v2\/posts"}],"about":[{"href":"https:\/\/odgovoren-za-zdravje.si\/index.php?rest_route=\/wp\/v2\/types\/post"}],"author":[{"embeddable":true,"href":"https:\/\/odgovoren-za-zdravje.si\/index.php?rest_route=\/wp\/v2\/users\/2"}],"replies":[{"embeddable":true,"href":"https:\/\/odgovoren-za-zdravje.si\/index.php?rest_route=%2Fwp%2Fv2%2Fcomments&post=10335"}],"version-history":[{"count":155,"href":"https:\/\/odgovoren-za-zdravje.si\/index.php?rest_route=\/wp\/v2\/posts\/10335\/revisions"}],"predecessor-version":[{"id":12534,"href":"https:\/\/odgovoren-za-zdravje.si\/index.php?rest_route=\/wp\/v2\/posts\/10335\/revisions\/12534"}],"wp:featuredmedia":[{"embeddable":true,"href":"https:\/\/odgovoren-za-zdravje.si\/index.php?rest_route=\/wp\/v2\/media\/10369"}],"wp:attachment":[{"href":"https:\/\/odgovoren-za-zdravje.si\/index.php?rest_route=%2Fwp%2Fv2%2Fmedia&parent=10335"}],"wp:term":[{"taxonomy":"category","embeddable":true,"href":"https:\/\/odgovoren-za-zdravje.si\/index.php?rest_route=%2Fwp%2Fv2%2Fcategories&post=10335"},{"taxonomy":"post_tag","embeddable":true,"href":"https:\/\/odgovoren-za-zdravje.si\/index.php?rest_route=%2Fwp%2Fv2%2Ftags&post=10335"}],"curies":[{"name":"wp","href":"https:\/\/api.w.org\/{rel}","templated":true}]}}